{"id":1147,"date":"2025-05-12T15:59:37","date_gmt":"2025-05-12T15:59:37","guid":{"rendered":"https:\/\/victoria.gob.ar\/prensa\/?p=1147"},"modified":"2025-05-12T15:59:38","modified_gmt":"2025-05-12T15:59:38","slug":"corte-de-agua-de-emergencia-por-reparacion-de-cano","status":"publish","type":"post","link":"https:\/\/victoria.gob.ar\/prensa\/corte-de-agua-de-emergencia-por-reparacion-de-cano\/","title":{"rendered":"CORTE DE AGUA DE EMERGENCIA POR REPARACI\u00d3N DE CA\u00d1O"},"content":{"rendered":"\n<p>Ahora se realizar\u00e1 un corte en el suministro de agua potable debido a que se reparar\u00e1 un ca\u00f1o ubicado en la intersecci\u00f3n de las calles Presidente Juan Domingo Per\u00f3n y Boulevard Moreno. Se estima que los trabajos finalicen a las 14:00 h, luego de lo cual se restablecer\u00e1 paulatinamente el servicio.<\/p>\n\n\n\n<figure class=\"wp-block-image size-large\"><img fetchpriority=\"high\" decoding=\"async\" width=\"1024\" height=\"1024\" src=\"https:\/\/victoria.gob.ar\/prensa\/wp-content\/uploads\/2025\/05\/WhatsApp-Image-2025-05-12-at-11.55.48-1-1024x1024.jpeg\" alt=\"\" class=\"wp-image-1148\" srcset=\"https:\/\/victoria.gob.ar\/prensa\/wp-content\/uploads\/2025\/05\/WhatsApp-Image-2025-05-12-at-11.55.48-1-1024x1024.jpeg 1024w, https:\/\/victoria.gob.ar\/prensa\/wp-content\/uploads\/2025\/05\/WhatsApp-Image-2025-05-12-at-11.55.48-1-300x300.jpeg 300w, https:\/\/victoria.gob.ar\/prensa\/wp-content\/uploads\/2025\/05\/WhatsApp-Image-2025-05-12-at-11.55.48-1-150x150.jpeg 150w, https:\/\/victoria.gob.ar\/prensa\/wp-content\/uploads\/2025\/05\/WhatsApp-Image-2025-05-12-at-11.55.48-1-768x768.jpeg 768w, https:\/\/victoria.gob.ar\/prensa\/wp-content\/uploads\/2025\/05\/WhatsApp-Image-2025-05-12-at-11.55.48-1.jpeg 1080w\" sizes=\"(max-width: 1024px) 100vw, 1024px\" \/><\/figure>\n","protected":false},"excerpt":{"rendered":"<p>Ahora se realizar\u00e1 un corte en el suministro de agua potable debido a que se reparar\u00e1 un ca\u00f1o ubicado en la intersecci\u00f3n de las calles Presidente Juan Domingo Per\u00f3n y&hellip; <\/p>\n","protected":false},"author":1,"featured_media":1149,"comment_status":"open","ping_status":"open","sticky":false,"template":"","format":"standard","meta":{"footnotes":""},"categories":[17],"tags":[],"class_list":["post-1147","post","type-post","status-publish","format-standard","has-post-thumbnail","hentry","category-obras-sanitarias"],"_links":{"self":[{"href":"https:\/\/victoria.gob.ar\/prensa\/wp-json\/wp\/v2\/posts\/1147","targetHints":{"allow":["GET"]}}],"collection":[{"href":"https:\/\/victoria.gob.ar\/prensa\/wp-json\/wp\/v2\/posts"}],"about":[{"href":"https:\/\/victoria.gob.ar\/prensa\/wp-json\/wp\/v2\/types\/post"}],"author":[{"embeddable":true,"href":"https:\/\/victoria.gob.ar\/prensa\/wp-json\/wp\/v2\/users\/1"}],"replies":[{"embeddable":true,"href":"https:\/\/victoria.gob.ar\/prensa\/wp-json\/wp\/v2\/comments?post=1147"}],"version-history":[{"count":1,"href":"https:\/\/victoria.gob.ar\/prensa\/wp-json\/wp\/v2\/posts\/1147\/revisions"}],"predecessor-version":[{"id":1150,"href":"https:\/\/victoria.gob.ar\/prensa\/wp-json\/wp\/v2\/posts\/1147\/revisions\/1150"}],"wp:featuredmedia":[{"embeddable":true,"href":"https:\/\/victoria.gob.ar\/prensa\/wp-json\/wp\/v2\/media\/1149"}],"wp:attachment":[{"href":"https:\/\/victoria.gob.ar\/prensa\/wp-json\/wp\/v2\/media?parent=1147"}],"wp:term":[{"taxonomy":"category","embeddable":true,"href":"https:\/\/victoria.gob.ar\/prensa\/wp-json\/wp\/v2\/categories?post=1147"},{"taxonomy":"post_tag","embeddable":true,"href":"https:\/\/victoria.gob.ar\/prensa\/wp-json\/wp\/v2\/tags?post=1147"}],"curies":[{"name":"wp","href":"https:\/\/api.w.org\/{rel}","templated":true}]}}