{"id":3627,"date":"2026-03-17T15:26:04","date_gmt":"2026-03-17T15:26:04","guid":{"rendered":"https:\/\/victoria.gob.ar\/es\/proyectando-memoria-%f0%9f%8e%ac\/"},"modified":"2026-03-17T15:26:04","modified_gmt":"2026-03-17T15:26:04","slug":"proyectando-memoria-%f0%9f%8e%ac","status":"publish","type":"post","link":"https:\/\/victoria.gob.ar\/es\/proyectando-memoria-%f0%9f%8e%ac\/","title":{"rendered":"PROYECTANDO MEMORIA &#x1f3ac;"},"content":{"rendered":"<p>Cine y reflexi\u00f3n para j\u00f3venes a 50 a\u00f1os del golpe de Estado en Argentina.<\/p>\n<p>En el marco de las actividades por el 24 de marzo, el \u00c1rea de Juventud de la Municipalidad de Victoria invita a j\u00f3venes a participar de una jornada de cine y reflexi\u00f3n con la proyecci\u00f3n de Argentina, 1985.<\/p>\n<p>Un espacio para mirar nuestra historia reciente, comprender el valor de la memoria colectiva y reafirmar el compromiso con la democracia.<\/p>\n<p><img decoding=\"async\" src=\"https:\/\/s.w.org\/images\/core\/emoji\/17.0.2\/72x72\/1f4cd.png\" alt=\"&#x1f4cd;\" class=\"wp-smiley\" \/> Cine Teatro Victoria (Alem 64)<br \/><img decoding=\"async\" src=\"https:\/\/s.w.org\/images\/core\/emoji\/17.0.2\/72x72\/1f5d3.png\" alt=\"&#x1f5d3;\" class=\"wp-smiley\" \/> Jueves 19 de marzo<br \/><img decoding=\"async\" src=\"https:\/\/s.w.org\/images\/core\/emoji\/17.0.2\/72x72\/23f0.png\" alt=\"&#x23f0;\" class=\"wp-smiley\" \/> 08:30 h<\/p>\n<p><img decoding=\"async\" src=\"https:\/\/s.w.org\/images\/core\/emoji\/17.0.2\/72x72\/26a0.png\" alt=\"&#x26a0;\" class=\"wp-smiley\" \/> Cupos limitados<\/p>\n<p><img decoding=\"async\" src=\"https:\/\/s.w.org\/images\/core\/emoji\/17.0.2\/72x72\/1f4cc.png\" alt=\"&#x1f4cc;\" class=\"wp-smiley\" \/> Por consultas o inscripciones pod\u00e9s acercarte a Alem 64 o escribir por Instagram a @areadejuventudvictoria<\/p>\n<figure class=\"wp-block-image size-large\"><img decoding=\"async\" loading=\"lazy\" width=\"819\" height=\"1024\" src=\"https:\/\/victoria.gob.ar\/prensa\/wp-content\/uploads\/2026\/03\/WhatsApp-Image-2026-03-16-at-09.13.09-819x1024.jpeg\" alt=\"\" class=\"wp-image-2751\" \/><\/figure>","protected":false},"excerpt":{"rendered":"<p>Cine y reflexi\u00f3n para j\u00f3venes a 50 a\u00f1os del golpe de Estado en Argentina. En el marco de las actividades por el 24 de marzo, el \u00c1rea de Juventud de la Municipalidad de Victoria invita a j\u00f3venes a participar de una jornada de cine y reflexi\u00f3n con la proyecci\u00f3n de Argentina, 1985. Un espacio para&hellip;&nbsp;<a href=\"https:\/\/victoria.gob.ar\/es\/proyectando-memoria-%f0%9f%8e%ac\/\" rel=\"bookmark\"><span class=\"screen-reader-text\">PROYECTANDO MEMORIA &#x1f3ac;<\/span><\/a><\/p>\n","protected":false},"author":2,"featured_media":3628,"comment_status":"open","ping_status":"open","sticky":false,"template":"","format":"standard","meta":{"neve_meta_sidebar":"","neve_meta_container":"","neve_meta_enable_content_width":"","neve_meta_content_width":0,"neve_meta_title_alignment":"","neve_meta_author_avatar":"","neve_post_elements_order":"","neve_meta_disable_header":"","neve_meta_disable_footer":"","neve_meta_disable_title":"","footnotes":""},"categories":[1],"tags":[],"class_list":["post-3627","post","type-post","status-publish","format-standard","has-post-thumbnail","hentry","category-sin-categoria"],"_links":{"self":[{"href":"https:\/\/victoria.gob.ar\/es\/wp-json\/wp\/v2\/posts\/3627","targetHints":{"allow":["GET"]}}],"collection":[{"href":"https:\/\/victoria.gob.ar\/es\/wp-json\/wp\/v2\/posts"}],"about":[{"href":"https:\/\/victoria.gob.ar\/es\/wp-json\/wp\/v2\/types\/post"}],"author":[{"embeddable":true,"href":"https:\/\/victoria.gob.ar\/es\/wp-json\/wp\/v2\/users\/2"}],"replies":[{"embeddable":true,"href":"https:\/\/victoria.gob.ar\/es\/wp-json\/wp\/v2\/comments?post=3627"}],"version-history":[{"count":0,"href":"https:\/\/victoria.gob.ar\/es\/wp-json\/wp\/v2\/posts\/3627\/revisions"}],"wp:featuredmedia":[{"embeddable":true,"href":"https:\/\/victoria.gob.ar\/es\/wp-json\/wp\/v2\/media\/3628"}],"wp:attachment":[{"href":"https:\/\/victoria.gob.ar\/es\/wp-json\/wp\/v2\/media?parent=3627"}],"wp:term":[{"taxonomy":"category","embeddable":true,"href":"https:\/\/victoria.gob.ar\/es\/wp-json\/wp\/v2\/categories?post=3627"},{"taxonomy":"post_tag","embeddable":true,"href":"https:\/\/victoria.gob.ar\/es\/wp-json\/wp\/v2\/tags?post=3627"}],"curies":[{"name":"wp","href":"https:\/\/api.w.org\/{rel}","templated":true}]}}