{"id":3623,"date":"2026-03-17T15:30:29","date_gmt":"2026-03-17T15:30:29","guid":{"rendered":"https:\/\/victoria.gob.ar\/es\/victoria-corazon-de-la-musica-%f0%9f%a9%b5-2\/"},"modified":"2026-03-17T15:30:29","modified_gmt":"2026-03-17T15:30:29","slug":"victoria-corazon-de-la-musica-%f0%9f%a9%b5-2","status":"publish","type":"post","link":"https:\/\/victoria.gob.ar\/es\/victoria-corazon-de-la-musica-%f0%9f%a9%b5-2\/","title":{"rendered":"VICTORIA, CORAZ\u00d3N DE LA M\u00daSICA &#x1fa75;"},"content":{"rendered":"<p>El s\u00e1bado 14 de marzo se rindi\u00f3 un merecido tributo a figuras trascendentales que dejaron una huella imborrable en la cultura de nuestra ciudad.<\/p>\n<p>En el Kiosco de la Banda Municipal de M\u00fasica \u00abSebasti\u00e1n Ingrao\u00bb, se vivi\u00f3 una noche inolvidable que reson\u00f3 en el coraz\u00f3n de todos los presentes.<\/p>\n<p>Fue un verdadero encuentro de generaciones y g\u00e9neros, donde la m\u00fasica cl\u00e1sica, folcl\u00f3rica y otras expresiones art\u00edsticas se unieron.<\/p>\n<p>Un momento para recordar y honrar a aquellos que, con su talento y pasi\u00f3n, han enriquecido nuestro patrimonio musical, entre ellos:<br \/><img decoding=\"async\" src=\"https:\/\/s.w.org\/images\/core\/emoji\/17.0.2\/72x72\/2705.png\" alt=\"&#x2705;\" class=\"wp-smiley\" \/> Sebasti\u00e1n Ingrao<br \/><img decoding=\"async\" src=\"https:\/\/s.w.org\/images\/core\/emoji\/17.0.2\/72x72\/2705.png\" alt=\"&#x2705;\" class=\"wp-smiley\" \/> Las Guitarras de Victoria<br \/><img decoding=\"async\" src=\"https:\/\/s.w.org\/images\/core\/emoji\/17.0.2\/72x72\/2705.png\" alt=\"&#x2705;\" class=\"wp-smiley\" \/> Pablo Copello<br \/><img decoding=\"async\" src=\"https:\/\/s.w.org\/images\/core\/emoji\/17.0.2\/72x72\/2705.png\" alt=\"&#x2705;\" class=\"wp-smiley\" \/> Jorge Isaac<br \/><img decoding=\"async\" src=\"https:\/\/s.w.org\/images\/core\/emoji\/17.0.2\/72x72\/2705.png\" alt=\"&#x2705;\" class=\"wp-smiley\" \/> Moncho Esquivel<\/p>\n<p><img decoding=\"async\" src=\"https:\/\/s.w.org\/images\/core\/emoji\/17.0.2\/72x72\/1f4f8.png\" alt=\"&#x1f4f8;\" class=\"wp-smiley\" \/> \u00a1Reviv\u00ed los momentos m\u00e1s emotivos de esta celebraci\u00f3n! Te invitamos a explorar la galer\u00eda de fotos: https:\/\/photos.app.goo.gl\/1QbYGBSTdybnxsiw6<\/p>\n<figure class=\"wp-block-gallery has-nested-images columns-default is-cropped wp-block-gallery-1 is-layout-flex wp-block-gallery-is-layout-flex\">\n<figure class=\"wp-block-image size-large\"><img loading=\"lazy\" decoding=\"async\" width=\"1024\" height=\"682\" data-id=\"2758\" src=\"https:\/\/victoria.gob.ar\/prensa\/wp-content\/uploads\/2026\/03\/WhatsApp-Image-2026-03-16-at-11.09.46-1024x682.jpeg\" alt=\"\" class=\"wp-image-2758\" \/><\/figure>\n<figure class=\"wp-block-image size-large\"><img loading=\"lazy\" decoding=\"async\" width=\"1024\" height=\"682\" data-id=\"2761\" src=\"https:\/\/victoria.gob.ar\/prensa\/wp-content\/uploads\/2026\/03\/WhatsApp-Image-2026-03-16-at-11.09.47-1-1024x682.jpeg\" alt=\"\" class=\"wp-image-2761\" \/><\/figure>\n<figure class=\"wp-block-image size-large\"><img loading=\"lazy\" decoding=\"async\" width=\"1024\" height=\"682\" data-id=\"2759\" src=\"https:\/\/victoria.gob.ar\/prensa\/wp-content\/uploads\/2026\/03\/WhatsApp-Image-2026-03-16-at-11.09.47-2-1024x682.jpeg\" alt=\"\" class=\"wp-image-2759\" \/><\/figure>\n<figure class=\"wp-block-image size-large\"><img decoding=\"async\" loading=\"lazy\" width=\"1024\" height=\"682\" data-id=\"2760\" src=\"https:\/\/victoria.gob.ar\/prensa\/wp-content\/uploads\/2026\/03\/WhatsApp-Image-2026-03-16-at-11.09.47-1024x682.jpeg\" alt=\"\" class=\"wp-image-2760\" \/><\/figure>\n<figure class=\"wp-block-image size-large\"><img decoding=\"async\" loading=\"lazy\" width=\"1024\" height=\"682\" data-id=\"2757\" src=\"https:\/\/victoria.gob.ar\/prensa\/wp-content\/uploads\/2026\/03\/WhatsApp-Image-2026-03-16-at-11.09.48-1-1024x682.jpeg\" alt=\"\" class=\"wp-image-2757\" \/><\/figure>\n<figure class=\"wp-block-image size-large\"><img decoding=\"async\" loading=\"lazy\" width=\"1024\" height=\"682\" data-id=\"2762\" src=\"https:\/\/victoria.gob.ar\/prensa\/wp-content\/uploads\/2026\/03\/WhatsApp-Image-2026-03-16-at-11.09.48-2-1024x682.jpeg\" alt=\"\" class=\"wp-image-2762\" \/><\/figure>\n<figure class=\"wp-block-image size-large\"><img decoding=\"async\" loading=\"lazy\" width=\"1024\" height=\"682\" data-id=\"2764\" src=\"https:\/\/victoria.gob.ar\/prensa\/wp-content\/uploads\/2026\/03\/WhatsApp-Image-2026-03-16-at-11.09.48-3-1024x682.jpeg\" alt=\"\" class=\"wp-image-2764\" \/><\/figure>\n<figure class=\"wp-block-image size-large\"><img decoding=\"async\" loading=\"lazy\" width=\"1024\" height=\"682\" data-id=\"2763\" src=\"https:\/\/victoria.gob.ar\/prensa\/wp-content\/uploads\/2026\/03\/WhatsApp-Image-2026-03-16-at-11.09.48-1024x682.jpeg\" alt=\"\" class=\"wp-image-2763\" \/><\/figure>\n<\/figure>","protected":false},"excerpt":{"rendered":"<p>El s\u00e1bado 14 de marzo se rindi\u00f3 un merecido tributo a figuras trascendentales que dejaron una huella imborrable en la cultura de nuestra ciudad. En el Kiosco de la Banda Municipal de M\u00fasica \u00abSebasti\u00e1n Ingrao\u00bb, se vivi\u00f3 una noche inolvidable que reson\u00f3 en el coraz\u00f3n de todos los presentes. Fue un verdadero encuentro de generaciones&hellip;&nbsp;<a href=\"https:\/\/victoria.gob.ar\/es\/victoria-corazon-de-la-musica-%f0%9f%a9%b5-2\/\" rel=\"bookmark\"><span class=\"screen-reader-text\">VICTORIA, CORAZ\u00d3N DE LA M\u00daSICA &#x1fa75;<\/span><\/a><\/p>\n","protected":false},"author":2,"featured_media":3624,"comment_status":"open","ping_status":"open","sticky":false,"template":"","format":"standard","meta":{"neve_meta_sidebar":"","neve_meta_container":"","neve_meta_enable_content_width":"","neve_meta_content_width":0,"neve_meta_title_alignment":"","neve_meta_author_avatar":"","neve_post_elements_order":"","neve_meta_disable_header":"","neve_meta_disable_footer":"","neve_meta_disable_title":"","footnotes":""},"categories":[1],"tags":[],"class_list":["post-3623","post","type-post","status-publish","format-standard","has-post-thumbnail","hentry","category-sin-categoria"],"_links":{"self":[{"href":"https:\/\/victoria.gob.ar\/es\/wp-json\/wp\/v2\/posts\/3623","targetHints":{"allow":["GET"]}}],"collection":[{"href":"https:\/\/victoria.gob.ar\/es\/wp-json\/wp\/v2\/posts"}],"about":[{"href":"https:\/\/victoria.gob.ar\/es\/wp-json\/wp\/v2\/types\/post"}],"author":[{"embeddable":true,"href":"https:\/\/victoria.gob.ar\/es\/wp-json\/wp\/v2\/users\/2"}],"replies":[{"embeddable":true,"href":"https:\/\/victoria.gob.ar\/es\/wp-json\/wp\/v2\/comments?post=3623"}],"version-history":[{"count":0,"href":"https:\/\/victoria.gob.ar\/es\/wp-json\/wp\/v2\/posts\/3623\/revisions"}],"wp:featuredmedia":[{"embeddable":true,"href":"https:\/\/victoria.gob.ar\/es\/wp-json\/wp\/v2\/media\/3624"}],"wp:attachment":[{"href":"https:\/\/victoria.gob.ar\/es\/wp-json\/wp\/v2\/media?parent=3623"}],"wp:term":[{"taxonomy":"category","embeddable":true,"href":"https:\/\/victoria.gob.ar\/es\/wp-json\/wp\/v2\/categories?post=3623"},{"taxonomy":"post_tag","embeddable":true,"href":"https:\/\/victoria.gob.ar\/es\/wp-json\/wp\/v2\/tags?post=3623"}],"curies":[{"name":"wp","href":"https:\/\/api.w.org\/{rel}","templated":true}]}}