{"id":3560,"date":"2026-02-18T16:21:06","date_gmt":"2026-02-18T16:21:06","guid":{"rendered":"https:\/\/victoria.gob.ar\/es\/noche-de-reinas-el-batuque-los-reyes-del-samba-obrigado-bateria-la-fabrica-de-pasistas-y-jarana-brillaron-en-la-quinta-noche-de-carnaval-%e2%9c%a8\/"},"modified":"2026-02-18T16:21:06","modified_gmt":"2026-02-18T16:21:06","slug":"noche-de-reinas-el-batuque-los-reyes-del-samba-obrigado-bateria-la-fabrica-de-pasistas-y-jarana-brillaron-en-la-quinta-noche-de-carnaval-%e2%9c%a8","status":"publish","type":"post","link":"https:\/\/victoria.gob.ar\/es\/noche-de-reinas-el-batuque-los-reyes-del-samba-obrigado-bateria-la-fabrica-de-pasistas-y-jarana-brillaron-en-la-quinta-noche-de-carnaval-%e2%9c%a8\/","title":{"rendered":"Noche de Reinas, El Batuque, Los Reyes del Samba, Obrigado Bateria, La F\u00e1brica de Pasistas y Jarana brillaron en la quinta noche de carnaval &#x2728;."},"content":{"rendered":"<p><img decoding=\"async\" src=\"https:\/\/s.w.org\/images\/core\/emoji\/17.0.2\/72x72\/1f517.png\" alt=\"&#x1f517;\" class=\"wp-smiley\"\/> Mir\u00e1 todas las fotos a trav\u00e9s del siguiente enlace:<\/p>\n<div class=\"wp-block-buttons is-layout-flex wp-block-buttons-is-layout-flex\">\n<div class=\"wp-block-button\"><a class=\"wp-block-button__link wp-element-button\" href=\"https:\/\/photos.app.goo.gl\/WWxzhCL79BCFCHPC7\">fotos<\/a><\/div>\n<\/div>\n<p>Y record\u00e1: \u00a1este s\u00e1bado 21 nos reencontramos en el circuito para vivir la sexta noche de carnaval y la Elecci\u00f3n de la Representante Provincial del Carnaval Entrerriano!<\/p>\n<p>Victoria, #50A\u00f1osDeCapital <img decoding=\"async\" src=\"https:\/\/s.w.org\/images\/core\/emoji\/17.0.2\/72x72\/1f3ad.png\" alt=\"&#x1f3ad;\" class=\"wp-smiley\"\/><\/p>\n<figure class=\"wp-block-image size-large\"><img loading=\"lazy\" decoding=\"async\" width=\"684\" height=\"1024\" src=\"https:\/\/victoria.gob.ar\/prensa\/wp-content\/uploads\/2026\/02\/WhatsApp-Image-2026-02-18-at-11.52.44-684x1024.jpeg\" alt=\"\" class=\"wp-image-2670\"\/><\/figure>","protected":false},"excerpt":{"rendered":"<p>Mir\u00e1 todas las fotos a trav\u00e9s del siguiente enlace: fotos Y record\u00e1: \u00a1este s\u00e1bado 21 nos reencontramos en el circuito para vivir la sexta noche de carnaval y la Elecci\u00f3n de la Representante Provincial del Carnaval Entrerriano! Victoria, #50A\u00f1osDeCapital<\/p>\n","protected":false},"author":2,"featured_media":3561,"comment_status":"open","ping_status":"open","sticky":false,"template":"","format":"standard","meta":{"neve_meta_sidebar":"","neve_meta_container":"","neve_meta_enable_content_width":"","neve_meta_content_width":0,"neve_meta_title_alignment":"","neve_meta_author_avatar":"","neve_post_elements_order":"","neve_meta_disable_header":"","neve_meta_disable_footer":"","neve_meta_disable_title":"","footnotes":""},"categories":[1],"tags":[],"class_list":["post-3560","post","type-post","status-publish","format-standard","has-post-thumbnail","hentry","category-sin-categoria"],"_links":{"self":[{"href":"https:\/\/victoria.gob.ar\/es\/wp-json\/wp\/v2\/posts\/3560","targetHints":{"allow":["GET"]}}],"collection":[{"href":"https:\/\/victoria.gob.ar\/es\/wp-json\/wp\/v2\/posts"}],"about":[{"href":"https:\/\/victoria.gob.ar\/es\/wp-json\/wp\/v2\/types\/post"}],"author":[{"embeddable":true,"href":"https:\/\/victoria.gob.ar\/es\/wp-json\/wp\/v2\/users\/2"}],"replies":[{"embeddable":true,"href":"https:\/\/victoria.gob.ar\/es\/wp-json\/wp\/v2\/comments?post=3560"}],"version-history":[{"count":0,"href":"https:\/\/victoria.gob.ar\/es\/wp-json\/wp\/v2\/posts\/3560\/revisions"}],"wp:featuredmedia":[{"embeddable":true,"href":"https:\/\/victoria.gob.ar\/es\/wp-json\/wp\/v2\/media\/3561"}],"wp:attachment":[{"href":"https:\/\/victoria.gob.ar\/es\/wp-json\/wp\/v2\/media?parent=3560"}],"wp:term":[{"taxonomy":"category","embeddable":true,"href":"https:\/\/victoria.gob.ar\/es\/wp-json\/wp\/v2\/categories?post=3560"},{"taxonomy":"post_tag","embeddable":true,"href":"https:\/\/victoria.gob.ar\/es\/wp-json\/wp\/v2\/tags?post=3560"}],"curies":[{"name":"wp","href":"https:\/\/api.w.org\/{rel}","templated":true}]}}