{"id":3510,"date":"2026-02-02T12:54:37","date_gmt":"2026-02-02T12:54:37","guid":{"rendered":"http:\/\/victoria.gob.ar\/es\/jornada-de-ajedrez-para-ninos-y-jovenes\/"},"modified":"2026-02-02T12:54:37","modified_gmt":"2026-02-02T12:54:37","slug":"jornada-de-ajedrez-para-ninos-y-jovenes","status":"publish","type":"post","link":"https:\/\/victoria.gob.ar\/es\/jornada-de-ajedrez-para-ninos-y-jovenes\/","title":{"rendered":"JORNADA DE AJEDREZ PARA NI\u00d1OS Y J\u00d3VENES"},"content":{"rendered":"<p><img decoding=\"async\" src=\"https:\/\/s.w.org\/images\/core\/emoji\/17.0.2\/72x72\/1f5d3.png\" alt=\"&#x1f5d3;\" class=\"wp-smiley\" \/> Mi\u00e9rcoles 4 de febrero<br \/><img decoding=\"async\" src=\"https:\/\/s.w.org\/images\/core\/emoji\/17.0.2\/72x72\/231a.png\" alt=\"&#x231a;\" class=\"wp-smiley\" \/> 09:00 h<br \/><img decoding=\"async\" src=\"https:\/\/s.w.org\/images\/core\/emoji\/17.0.2\/72x72\/1f4cd.png\" alt=\"&#x1f4cd;\" class=\"wp-smiley\" \/> SUM del Cine Teatro Victoria (Alem 64)<\/p>\n<p>\u00a1Sumate a jugar, aprender y compartir una ma\u00f1ana divertida!<\/p>\n<p><img decoding=\"async\" src=\"https:\/\/s.w.org\/images\/core\/emoji\/17.0.2\/72x72\/1f4dd.png\" alt=\"&#x1f4dd;\" class=\"wp-smiley\" \/> Inscripciones:<br \/>-Pod\u00e9s escribirnos al <img decoding=\"async\" src=\"https:\/\/s.w.org\/images\/core\/emoji\/17.0.2\/72x72\/1f4f1.png\" alt=\"&#x1f4f1;\" class=\"wp-smiley\" \/> 3436-440010<br \/>-A trav\u00e9s de nuestro instagram @areadejuventudvictoria<br \/>-Presencial en el Cine Teatro Victoria (<img decoding=\"async\" src=\"https:\/\/s.w.org\/images\/core\/emoji\/17.0.2\/72x72\/1f4cd.png\" alt=\"&#x1f4cd;\" class=\"wp-smiley\" \/> Alem 64)<\/p>\n<p>CUPO LIMITADO<br \/>POD\u00c9S INSCRIBIRTE HASTA EL MARTES 3 DE FEBRERO.<\/p>\n<figure class=\"wp-block-image size-large\"><img decoding=\"async\" loading=\"lazy\" width=\"819\" height=\"1024\" src=\"https:\/\/victoria.gob.ar\/prensa\/wp-content\/uploads\/2026\/02\/WhatsApp-Image-2026-02-02-at-11.26.58-819x1024.jpeg\" alt=\"\" class=\"wp-image-2544\" \/><\/figure>","protected":false},"excerpt":{"rendered":"<p>Mi\u00e9rcoles 4 de febrero 09:00 h SUM del Cine Teatro Victoria (Alem 64) \u00a1Sumate a jugar, aprender y compartir una ma\u00f1ana divertida! Inscripciones:-Pod\u00e9s escribirnos al 3436-440010-A trav\u00e9s de nuestro instagram @areadejuventudvictoria-Presencial en el Cine Teatro Victoria ( Alem 64) CUPO LIMITADOPOD\u00c9S INSCRIBIRTE HASTA EL MARTES 3 DE FEBRERO.<\/p>\n","protected":false},"author":2,"featured_media":3511,"comment_status":"open","ping_status":"open","sticky":false,"template":"","format":"standard","meta":{"neve_meta_sidebar":"","neve_meta_container":"","neve_meta_enable_content_width":"","neve_meta_content_width":0,"neve_meta_title_alignment":"","neve_meta_author_avatar":"","neve_post_elements_order":"","neve_meta_disable_header":"","neve_meta_disable_footer":"","neve_meta_disable_title":"","footnotes":""},"categories":[1],"tags":[],"class_list":["post-3510","post","type-post","status-publish","format-standard","has-post-thumbnail","hentry","category-sin-categoria"],"_links":{"self":[{"href":"https:\/\/victoria.gob.ar\/es\/wp-json\/wp\/v2\/posts\/3510","targetHints":{"allow":["GET"]}}],"collection":[{"href":"https:\/\/victoria.gob.ar\/es\/wp-json\/wp\/v2\/posts"}],"about":[{"href":"https:\/\/victoria.gob.ar\/es\/wp-json\/wp\/v2\/types\/post"}],"author":[{"embeddable":true,"href":"https:\/\/victoria.gob.ar\/es\/wp-json\/wp\/v2\/users\/2"}],"replies":[{"embeddable":true,"href":"https:\/\/victoria.gob.ar\/es\/wp-json\/wp\/v2\/comments?post=3510"}],"version-history":[{"count":0,"href":"https:\/\/victoria.gob.ar\/es\/wp-json\/wp\/v2\/posts\/3510\/revisions"}],"wp:featuredmedia":[{"embeddable":true,"href":"https:\/\/victoria.gob.ar\/es\/wp-json\/wp\/v2\/media\/3511"}],"wp:attachment":[{"href":"https:\/\/victoria.gob.ar\/es\/wp-json\/wp\/v2\/media?parent=3510"}],"wp:term":[{"taxonomy":"category","embeddable":true,"href":"https:\/\/victoria.gob.ar\/es\/wp-json\/wp\/v2\/categories?post=3510"},{"taxonomy":"post_tag","embeddable":true,"href":"https:\/\/victoria.gob.ar\/es\/wp-json\/wp\/v2\/tags?post=3510"}],"curies":[{"name":"wp","href":"https:\/\/api.w.org\/{rel}","templated":true}]}}