{"id":3508,"date":"2026-02-02T12:58:46","date_gmt":"2026-02-02T12:58:46","guid":{"rendered":"http:\/\/victoria.gob.ar\/es\/servicios-municipales-durante-el-martes-3-de-febrero\/"},"modified":"2026-02-02T12:58:46","modified_gmt":"2026-02-02T12:58:46","slug":"servicios-municipales-durante-el-martes-3-de-febrero","status":"publish","type":"post","link":"https:\/\/victoria.gob.ar\/es\/servicios-municipales-durante-el-martes-3-de-febrero\/","title":{"rendered":"SERVICIOS MUNICIPALES DURANTE EL MARTES 3 DE FEBRERO"},"content":{"rendered":"<p>La Municipalidad de Victoria informa a la comunidad los servicios que se brindar\u00e1n durante el feriado del martes 3 de febrero.<\/p>\n<p><img decoding=\"async\" src=\"https:\/\/s.w.org\/images\/core\/emoji\/17.0.2\/72x72\/2705.png\" alt=\"&#x2705;\" class=\"wp-smiley\" \/> La Guardia de Seguridad y Control Urbano prestar\u00e1 servicios. Adem\u00e1s, ante el suceso de un evento que amerite, se podr\u00e1n activar las cuadrillas de emergencia.<\/p>\n<p><img decoding=\"async\" src=\"https:\/\/s.w.org\/images\/core\/emoji\/17.0.2\/72x72\/2705.png\" alt=\"&#x2705;\" class=\"wp-smiley\" \/> La secci\u00f3n Seguridad Vial trabajar\u00e1 con normalidad desde su Cuerpo de Control de Tr\u00e1nsito.<\/p>\n<p><img decoding=\"async\" src=\"https:\/\/s.w.org\/images\/core\/emoji\/17.0.2\/72x72\/2705.png\" alt=\"&#x2705;\" class=\"wp-smiley\" \/> La l\u00ednea del Centro de Atenci\u00f3n al Vecino, 147, funcionar\u00e1 con normalidad.<\/p>\n<p><img decoding=\"async\" src=\"https:\/\/s.w.org\/images\/core\/emoji\/17.0.2\/72x72\/1f7e1.png\" alt=\"&#x1f7e1;\" class=\"wp-smiley\" \/> El TUM funcionar\u00e1 con l\u00ednea \u00fanica y horario reducido, de 07:00 a 13:00 h y de 16:00 a 20:00 h.<\/p>\n<p><img decoding=\"async\" src=\"https:\/\/s.w.org\/images\/core\/emoji\/17.0.2\/72x72\/274c.png\" alt=\"&#x274c;\" class=\"wp-smiley\" \/> No habr\u00e1 servicio de recolecci\u00f3n de residuos.<\/p>\n<p><img decoding=\"async\" src=\"https:\/\/s.w.org\/images\/core\/emoji\/17.0.2\/72x72\/274c.png\" alt=\"&#x274c;\" class=\"wp-smiley\" \/> No funcionar\u00e1 el Sistema de Estacionamiento Medido.<\/p>\n<p><img decoding=\"async\" src=\"https:\/\/s.w.org\/images\/core\/emoji\/17.0.2\/72x72\/274c.png\" alt=\"&#x274c;\" class=\"wp-smiley\" \/> No habr\u00e1 atenci\u00f3n al p\u00fablico por Mesa de Entrada.<\/p>\n<figure class=\"wp-block-gallery has-nested-images columns-default is-cropped wp-block-gallery-1 is-layout-flex wp-block-gallery-is-layout-flex\">\n<figure class=\"wp-block-image size-large\"><img loading=\"lazy\" decoding=\"async\" width=\"819\" height=\"1024\" data-id=\"2547\" src=\"https:\/\/victoria.gob.ar\/prensa\/wp-content\/uploads\/2026\/02\/WhatsApp-Image-2026-02-02-at-19.19.58-819x1024.jpeg\" alt=\"\" class=\"wp-image-2547\" \/><\/figure>\n<figure class=\"wp-block-image size-large\"><img loading=\"lazy\" decoding=\"async\" width=\"819\" height=\"1024\" data-id=\"2548\" src=\"https:\/\/victoria.gob.ar\/prensa\/wp-content\/uploads\/2026\/02\/WhatsApp-Image-2026-02-02-at-19.19.59-819x1024.jpeg\" alt=\"\" class=\"wp-image-2548\" \/><\/figure>\n<figure class=\"wp-block-image size-large\"><img loading=\"lazy\" decoding=\"async\" width=\"819\" height=\"1024\" data-id=\"2549\" src=\"https:\/\/victoria.gob.ar\/prensa\/wp-content\/uploads\/2026\/02\/WhatsApp-Image-2026-02-02-at-19.19.59-1-819x1024.jpeg\" alt=\"\" class=\"wp-image-2549\" \/><\/figure>\n<\/figure>","protected":false},"excerpt":{"rendered":"<p>La Municipalidad de Victoria informa a la comunidad los servicios que se brindar\u00e1n durante el feriado del martes 3 de febrero. La Guardia de Seguridad y Control Urbano prestar\u00e1 servicios. Adem\u00e1s, ante el suceso de un evento que amerite, se podr\u00e1n activar las cuadrillas de emergencia. La secci\u00f3n Seguridad Vial trabajar\u00e1 con normalidad desde su&hellip;&nbsp;<a href=\"https:\/\/victoria.gob.ar\/es\/servicios-municipales-durante-el-martes-3-de-febrero\/\" rel=\"bookmark\"><span class=\"screen-reader-text\">SERVICIOS MUNICIPALES DURANTE EL MARTES 3 DE FEBRERO<\/span><\/a><\/p>\n","protected":false},"author":2,"featured_media":3509,"comment_status":"open","ping_status":"open","sticky":false,"template":"","format":"standard","meta":{"neve_meta_sidebar":"","neve_meta_container":"","neve_meta_enable_content_width":"","neve_meta_content_width":0,"neve_meta_title_alignment":"","neve_meta_author_avatar":"","neve_post_elements_order":"","neve_meta_disable_header":"","neve_meta_disable_footer":"","neve_meta_disable_title":"","footnotes":""},"categories":[1],"tags":[],"class_list":["post-3508","post","type-post","status-publish","format-standard","has-post-thumbnail","hentry","category-sin-categoria"],"_links":{"self":[{"href":"https:\/\/victoria.gob.ar\/es\/wp-json\/wp\/v2\/posts\/3508","targetHints":{"allow":["GET"]}}],"collection":[{"href":"https:\/\/victoria.gob.ar\/es\/wp-json\/wp\/v2\/posts"}],"about":[{"href":"https:\/\/victoria.gob.ar\/es\/wp-json\/wp\/v2\/types\/post"}],"author":[{"embeddable":true,"href":"https:\/\/victoria.gob.ar\/es\/wp-json\/wp\/v2\/users\/2"}],"replies":[{"embeddable":true,"href":"https:\/\/victoria.gob.ar\/es\/wp-json\/wp\/v2\/comments?post=3508"}],"version-history":[{"count":0,"href":"https:\/\/victoria.gob.ar\/es\/wp-json\/wp\/v2\/posts\/3508\/revisions"}],"wp:featuredmedia":[{"embeddable":true,"href":"https:\/\/victoria.gob.ar\/es\/wp-json\/wp\/v2\/media\/3509"}],"wp:attachment":[{"href":"https:\/\/victoria.gob.ar\/es\/wp-json\/wp\/v2\/media?parent=3508"}],"wp:term":[{"taxonomy":"category","embeddable":true,"href":"https:\/\/victoria.gob.ar\/es\/wp-json\/wp\/v2\/categories?post=3508"},{"taxonomy":"post_tag","embeddable":true,"href":"https:\/\/victoria.gob.ar\/es\/wp-json\/wp\/v2\/tags?post=3508"}],"curies":[{"name":"wp","href":"https:\/\/api.w.org\/{rel}","templated":true}]}}