{"id":3494,"date":"2026-02-03T01:13:13","date_gmt":"2026-02-03T01:13:13","guid":{"rendered":"https:\/\/victoria.gob.ar\/es\/la-municipalidad-de-victoria-otorgo-un-nuevo-aumento-salarial-a-sus-trabajadores\/"},"modified":"2026-02-03T01:13:13","modified_gmt":"2026-02-03T01:13:13","slug":"la-municipalidad-de-victoria-otorgo-un-nuevo-aumento-salarial-a-sus-trabajadores","status":"publish","type":"post","link":"https:\/\/victoria.gob.ar\/es\/la-municipalidad-de-victoria-otorgo-un-nuevo-aumento-salarial-a-sus-trabajadores\/","title":{"rendered":"LA MUNICIPALIDAD DE VICTORIA OTORG\u00d3 UN NUEVO AUMENTO SALARIAL A SUS TRABAJADORES"},"content":{"rendered":"<ul class=\"wp-block-list\">\n<li>Se dispuso un incremento del 5 por ciento para el mes de marzo, calculado sobre el haber b\u00e1sico de febrero de 2026, y un 4 por ciento para el mes de abril, calculado sobre la categor\u00eda inicial del mes de marzo de 2026.<\/li>\n<li>Asimismo, se avanz\u00f3 en la incorporaci\u00f3n de personal temporario a la planta estable, y en el tratamiento de recategorizaciones, reordenamientos y concursos previstos para 2026 mediante la Junta de Admisi\u00f3n, Calificaci\u00f3n y Disciplina (JACD).<\/li>\n<li>La pr\u00f3xima convocatoria paritaria fue fijada para abril.<\/li>\n<\/ul>\n<p>Este acuerdo es producto de un arduo trabajo donde prim\u00f3 el consenso y el di\u00e1logo entre la Municipalidad de Victoria y los gremios.<\/p>","protected":false},"excerpt":{"rendered":"<p>Se dispuso un incremento del 5 por ciento para el mes de marzo, calculado sobre el haber b\u00e1sico de febrero de 2026, y un 4 por ciento para el mes de abril, calculado sobre la categor\u00eda inicial del mes de marzo de 2026. Asimismo, se avanz\u00f3 en la incorporaci\u00f3n de personal temporario a la planta&hellip;&nbsp;<a href=\"https:\/\/victoria.gob.ar\/es\/la-municipalidad-de-victoria-otorgo-un-nuevo-aumento-salarial-a-sus-trabajadores\/\" rel=\"bookmark\"><span class=\"screen-reader-text\">LA MUNICIPALIDAD DE VICTORIA OTORG\u00d3 UN NUEVO AUMENTO SALARIAL A SUS TRABAJADORES<\/span><\/a><\/p>\n","protected":false},"author":2,"featured_media":3495,"comment_status":"open","ping_status":"open","sticky":false,"template":"","format":"standard","meta":{"neve_meta_sidebar":"","neve_meta_container":"","neve_meta_enable_content_width":"","neve_meta_content_width":0,"neve_meta_title_alignment":"","neve_meta_author_avatar":"","neve_post_elements_order":"","neve_meta_disable_header":"","neve_meta_disable_footer":"","neve_meta_disable_title":"","footnotes":""},"categories":[1],"tags":[],"class_list":["post-3494","post","type-post","status-publish","format-standard","has-post-thumbnail","hentry","category-sin-categoria"],"_links":{"self":[{"href":"https:\/\/victoria.gob.ar\/es\/wp-json\/wp\/v2\/posts\/3494","targetHints":{"allow":["GET"]}}],"collection":[{"href":"https:\/\/victoria.gob.ar\/es\/wp-json\/wp\/v2\/posts"}],"about":[{"href":"https:\/\/victoria.gob.ar\/es\/wp-json\/wp\/v2\/types\/post"}],"author":[{"embeddable":true,"href":"https:\/\/victoria.gob.ar\/es\/wp-json\/wp\/v2\/users\/2"}],"replies":[{"embeddable":true,"href":"https:\/\/victoria.gob.ar\/es\/wp-json\/wp\/v2\/comments?post=3494"}],"version-history":[{"count":0,"href":"https:\/\/victoria.gob.ar\/es\/wp-json\/wp\/v2\/posts\/3494\/revisions"}],"wp:featuredmedia":[{"embeddable":true,"href":"https:\/\/victoria.gob.ar\/es\/wp-json\/wp\/v2\/media\/3495"}],"wp:attachment":[{"href":"https:\/\/victoria.gob.ar\/es\/wp-json\/wp\/v2\/media?parent=3494"}],"wp:term":[{"taxonomy":"category","embeddable":true,"href":"https:\/\/victoria.gob.ar\/es\/wp-json\/wp\/v2\/categories?post=3494"},{"taxonomy":"post_tag","embeddable":true,"href":"https:\/\/victoria.gob.ar\/es\/wp-json\/wp\/v2\/tags?post=3494"}],"curies":[{"name":"wp","href":"https:\/\/api.w.org\/{rel}","templated":true}]}}