{"id":3491,"date":"2026-01-31T23:51:04","date_gmt":"2026-01-31T23:51:04","guid":{"rendered":"http:\/\/victoria.gob.ar\/es\/se-refuerzan-las-tareas-de-fumigacion-2\/"},"modified":"2026-01-31T23:51:04","modified_gmt":"2026-01-31T23:51:04","slug":"se-refuerzan-las-tareas-de-fumigacion-2","status":"publish","type":"post","link":"https:\/\/victoria.gob.ar\/es\/se-refuerzan-las-tareas-de-fumigacion-2\/","title":{"rendered":"SE REFUERZAN LAS TAREAS DE FUMIGACI\u00d3N"},"content":{"rendered":"<p>La Municipalidad de Victoria refuerza las tareas de fumigaci\u00f3n que viene realizando de manera sostenida desde el 16 de octubre de 2025 en los barrios y distintos sectores de la ciudad.<\/p>\n<p>En la primera etapa del plan se utiliz\u00f3 larvicida, un producto inocuo para las personas, que act\u00faa directamente sobre la larva del mosquito. Adem\u00e1s, se aplica insecticida derribante marca DEPE, compuesto a base de permetrina, avalado y recomendado por los organismos de Salud P\u00fablica en el \u00e1mbito nacional y provincial.<\/p>\n<p>Paralelamente, se trabaja con ovitrampas, una herramienta utilizada para la vigilancia vectorial del mosquito Aedes aegypti, transmisor del dengue. A trav\u00e9s de este sistema se releva la presencia del mosquito por zonas, permitiendo medir, evaluar y comparar datos para una intervenci\u00f3n m\u00e1s precisa.<\/p>\n<p>La fumigaci\u00f3n es importante, pero no alcanza por s\u00ed sola. La prevenci\u00f3n tambi\u00e9n depende del compromiso de todos.<\/p>\n<figure class=\"wp-block-video\"><video height=\"850\" width=\"478\" controls src=\"https:\/\/victoria.gob.ar\/prensa\/wp-content\/uploads\/2026\/01\/WhatsApp-Video-2026-01-31-at-20.36.24.mp4\" preload=\"none\"><\/video><\/figure>","protected":false},"excerpt":{"rendered":"<p>La Municipalidad de Victoria refuerza las tareas de fumigaci\u00f3n que viene realizando de manera sostenida desde el 16 de octubre de 2025 en los barrios y distintos sectores de la ciudad. En la primera etapa del plan se utiliz\u00f3 larvicida, un producto inocuo para las personas, que act\u00faa directamente sobre la larva del mosquito. Adem\u00e1s,&hellip;&nbsp;<a href=\"https:\/\/victoria.gob.ar\/es\/se-refuerzan-las-tareas-de-fumigacion-2\/\" rel=\"bookmark\"><span class=\"screen-reader-text\">SE REFUERZAN LAS TAREAS DE FUMIGACI\u00d3N<\/span><\/a><\/p>\n","protected":false},"author":2,"featured_media":1778,"comment_status":"open","ping_status":"open","sticky":false,"template":"","format":"standard","meta":{"neve_meta_sidebar":"","neve_meta_container":"","neve_meta_enable_content_width":"","neve_meta_content_width":0,"neve_meta_title_alignment":"","neve_meta_author_avatar":"","neve_post_elements_order":"","neve_meta_disable_header":"","neve_meta_disable_footer":"","neve_meta_disable_title":"","footnotes":""},"categories":[1],"tags":[],"class_list":["post-3491","post","type-post","status-publish","format-standard","has-post-thumbnail","hentry","category-sin-categoria"],"_links":{"self":[{"href":"https:\/\/victoria.gob.ar\/es\/wp-json\/wp\/v2\/posts\/3491","targetHints":{"allow":["GET"]}}],"collection":[{"href":"https:\/\/victoria.gob.ar\/es\/wp-json\/wp\/v2\/posts"}],"about":[{"href":"https:\/\/victoria.gob.ar\/es\/wp-json\/wp\/v2\/types\/post"}],"author":[{"embeddable":true,"href":"https:\/\/victoria.gob.ar\/es\/wp-json\/wp\/v2\/users\/2"}],"replies":[{"embeddable":true,"href":"https:\/\/victoria.gob.ar\/es\/wp-json\/wp\/v2\/comments?post=3491"}],"version-history":[{"count":0,"href":"https:\/\/victoria.gob.ar\/es\/wp-json\/wp\/v2\/posts\/3491\/revisions"}],"wp:featuredmedia":[{"embeddable":true,"href":"https:\/\/victoria.gob.ar\/es\/wp-json\/wp\/v2\/media\/1778"}],"wp:attachment":[{"href":"https:\/\/victoria.gob.ar\/es\/wp-json\/wp\/v2\/media?parent=3491"}],"wp:term":[{"taxonomy":"category","embeddable":true,"href":"https:\/\/victoria.gob.ar\/es\/wp-json\/wp\/v2\/categories?post=3491"},{"taxonomy":"post_tag","embeddable":true,"href":"https:\/\/victoria.gob.ar\/es\/wp-json\/wp\/v2\/tags?post=3491"}],"curies":[{"name":"wp","href":"https:\/\/api.w.org\/{rel}","templated":true}]}}