{"id":3489,"date":"2026-01-31T23:53:36","date_gmt":"2026-01-31T23:53:36","guid":{"rendered":"http:\/\/victoria.gob.ar\/es\/maraton-de-carnaval-jorge-pollo-vieyra\/"},"modified":"2026-01-31T23:53:36","modified_gmt":"2026-01-31T23:53:36","slug":"maraton-de-carnaval-jorge-pollo-vieyra","status":"publish","type":"post","link":"https:\/\/victoria.gob.ar\/es\/maraton-de-carnaval-jorge-pollo-vieyra\/","title":{"rendered":"MARAT\u00d3N DE CARNAVAL \u00abJORGE POLLO VIEYRA\u00bb"},"content":{"rendered":"<p>\u00a1Te recordamos que las inscripciones siguen abiertas!<\/p>\n<p><img decoding=\"async\" src=\"https:\/\/s.w.org\/images\/core\/emoji\/17.0.2\/72x72\/1f5d3.png\" alt=\"&#x1f5d3;\" class=\"wp-smiley\" \/> Viernes 13 de febrero<br \/><img decoding=\"async\" src=\"https:\/\/s.w.org\/images\/core\/emoji\/17.0.2\/72x72\/231a.png\" alt=\"&#x231a;\" class=\"wp-smiley\" \/> 21:00 h<br \/><img decoding=\"async\" src=\"https:\/\/s.w.org\/images\/core\/emoji\/17.0.2\/72x72\/1f4cd.png\" alt=\"&#x1f4cd;\" class=\"wp-smiley\" \/> Salida y llegada: Plaza San Mart\u00edn<\/p>\n<p>\u00a1Esta carrera es para vos! No importa si no sos profesional. Disfrut\u00e1 de una noche de carnaval, alegr\u00eda y deporte.<\/p>\n<p>Circuito callejero.<\/p>\n<p>2 categor\u00edas: 4 y 8 km.<\/p>\n<p>Costos:<br \/>4 km. $ 15.000<br \/>8 km. $ 20.000<\/p>\n<p>\u00a1Los que finalicen la carrera se llevan medalla!<\/p>\n<p>\u00a1Habr\u00e1 premio al mejor disfraz!<\/p>\n<p><img decoding=\"async\" src=\"https:\/\/s.w.org\/images\/core\/emoji\/17.0.2\/72x72\/1f4dd.png\" alt=\"&#x1f4dd;\" class=\"wp-smiley\" \/> Te pod\u00e9s inscribir hasta 48 horas antes de la carrera completando tus datos a trav\u00e9s del siguiente enlace:<\/p>\n<div class=\"wp-block-buttons is-layout-flex wp-block-buttons-is-layout-flex\">\n<div class=\"wp-block-button\"><a class=\"wp-block-button__link wp-element-button\">inscribite<\/a><\/div>\n<\/div>\n<figure class=\"wp-block-image size-large\"><img loading=\"lazy\" decoding=\"async\" width=\"819\" height=\"1024\" src=\"https:\/\/victoria.gob.ar\/prensa\/wp-content\/uploads\/2026\/01\/WhatsApp-Image-2026-01-29-at-12.13.21-1-819x1024.jpeg\" alt=\"\" class=\"wp-image-2537\" \/><\/figure>","protected":false},"excerpt":{"rendered":"<p>\u00a1Te recordamos que las inscripciones siguen abiertas! Viernes 13 de febrero 21:00 h Salida y llegada: Plaza San Mart\u00edn \u00a1Esta carrera es para vos! No importa si no sos profesional. Disfrut\u00e1 de una noche de carnaval, alegr\u00eda y deporte. Circuito callejero. 2 categor\u00edas: 4 y 8 km. Costos:4 km. $ 15.0008 km. $ 20.000 \u00a1Los&hellip;&nbsp;<a href=\"https:\/\/victoria.gob.ar\/es\/maraton-de-carnaval-jorge-pollo-vieyra\/\" rel=\"bookmark\"><span class=\"screen-reader-text\">MARAT\u00d3N DE CARNAVAL \u00abJORGE POLLO VIEYRA\u00bb<\/span><\/a><\/p>\n","protected":false},"author":2,"featured_media":3490,"comment_status":"open","ping_status":"open","sticky":false,"template":"","format":"standard","meta":{"neve_meta_sidebar":"","neve_meta_container":"","neve_meta_enable_content_width":"","neve_meta_content_width":0,"neve_meta_title_alignment":"","neve_meta_author_avatar":"","neve_post_elements_order":"","neve_meta_disable_header":"","neve_meta_disable_footer":"","neve_meta_disable_title":"","footnotes":""},"categories":[1],"tags":[],"class_list":["post-3489","post","type-post","status-publish","format-standard","has-post-thumbnail","hentry","category-sin-categoria"],"_links":{"self":[{"href":"https:\/\/victoria.gob.ar\/es\/wp-json\/wp\/v2\/posts\/3489","targetHints":{"allow":["GET"]}}],"collection":[{"href":"https:\/\/victoria.gob.ar\/es\/wp-json\/wp\/v2\/posts"}],"about":[{"href":"https:\/\/victoria.gob.ar\/es\/wp-json\/wp\/v2\/types\/post"}],"author":[{"embeddable":true,"href":"https:\/\/victoria.gob.ar\/es\/wp-json\/wp\/v2\/users\/2"}],"replies":[{"embeddable":true,"href":"https:\/\/victoria.gob.ar\/es\/wp-json\/wp\/v2\/comments?post=3489"}],"version-history":[{"count":0,"href":"https:\/\/victoria.gob.ar\/es\/wp-json\/wp\/v2\/posts\/3489\/revisions"}],"wp:featuredmedia":[{"embeddable":true,"href":"https:\/\/victoria.gob.ar\/es\/wp-json\/wp\/v2\/media\/3490"}],"wp:attachment":[{"href":"https:\/\/victoria.gob.ar\/es\/wp-json\/wp\/v2\/media?parent=3489"}],"wp:term":[{"taxonomy":"category","embeddable":true,"href":"https:\/\/victoria.gob.ar\/es\/wp-json\/wp\/v2\/categories?post=3489"},{"taxonomy":"post_tag","embeddable":true,"href":"https:\/\/victoria.gob.ar\/es\/wp-json\/wp\/v2\/tags?post=3489"}],"curies":[{"name":"wp","href":"https:\/\/api.w.org\/{rel}","templated":true}]}}