{"id":3472,"date":"2026-01-21T12:45:06","date_gmt":"2026-01-21T12:45:06","guid":{"rendered":"http:\/\/victoria.gob.ar\/es\/el-equipo-de-carpinteria-municipal-realizo-un-bello-aporte-en-el-predio-de-la-vieja-estacion-%f0%9f%91%8f%f0%9f%8f%bc%f0%9f%aa%b5\/"},"modified":"2026-01-21T12:45:06","modified_gmt":"2026-01-21T12:45:06","slug":"el-equipo-de-carpinteria-municipal-realizo-un-bello-aporte-en-el-predio-de-la-vieja-estacion-%f0%9f%91%8f%f0%9f%8f%bc%f0%9f%aa%b5","status":"publish","type":"post","link":"https:\/\/victoria.gob.ar\/es\/el-equipo-de-carpinteria-municipal-realizo-un-bello-aporte-en-el-predio-de-la-vieja-estacion-%f0%9f%91%8f%f0%9f%8f%bc%f0%9f%aa%b5\/","title":{"rendered":"\u00a1EL EQUIPO DE CARPINTER\u00cdA MUNICIPAL REALIZ\u00d3 UN BELLO APORTE EN EL PREDIO DE LA VIEJA ESTACI\u00d3N! &#x1f44f;&#x1f3fc;&#x1fab5;"},"content":{"rendered":"<p><img decoding=\"async\" src=\"https:\/\/s.w.org\/images\/core\/emoji\/17.0.2\/72x72\/1f914.png\" alt=\"&#x1f914;\" class=\"wp-smiley\" \/> \u00bfSab\u00edas que en el corral\u00f3n municipal se cuenta con un \u00e1rea dedicada exclusivamente a la carpinter\u00eda? Desde all\u00ed se realizan arreglos, restauraciones y tambi\u00e9n nuevos proyectos en madera.<\/p>\n<p>En esta oportunidad, construyeron un hermoso puente para el predio de la Vieja Estaci\u00f3n, que reemplaza a la antigua losa deteriorada que cubr\u00eda la zanja de desag\u00fce pluvial. Un gesto para seguir cuidando y embelleciendo nuestros espacios p\u00fablicos.<\/p>\n<figure class=\"wp-block-gallery has-nested-images columns-default is-cropped wp-block-gallery-4 is-layout-flex wp-block-gallery-is-layout-flex\">\n<figure class=\"wp-block-image size-large\"><img decoding=\"async\" loading=\"lazy\" width=\"1024\" height=\"768\" data-id=\"2493\" src=\"https:\/\/victoria.gob.ar\/prensa\/wp-content\/uploads\/2026\/01\/WhatsApp-Image-2026-01-21-at-08.55.03-2-1024x768.jpeg\" alt=\"\" class=\"wp-image-2493\" \/><\/figure>\n<figure class=\"wp-block-image size-large\"><img decoding=\"async\" loading=\"lazy\" width=\"1024\" height=\"768\" data-id=\"2494\" src=\"https:\/\/victoria.gob.ar\/prensa\/wp-content\/uploads\/2026\/01\/WhatsApp-Image-2026-01-21-at-08.55.03-1-1024x768.jpeg\" alt=\"\" class=\"wp-image-2494\" \/><\/figure>\n<figure class=\"wp-block-image size-large\"><img decoding=\"async\" loading=\"lazy\" width=\"1024\" height=\"768\" data-id=\"2495\" src=\"https:\/\/victoria.gob.ar\/prensa\/wp-content\/uploads\/2026\/01\/WhatsApp-Image-2026-01-21-at-08.55.03-1024x768.jpeg\" alt=\"\" class=\"wp-image-2495\" \/><\/figure>\n<figure class=\"wp-block-image size-large\"><img decoding=\"async\" loading=\"lazy\" width=\"1024\" height=\"768\" data-id=\"2496\" src=\"https:\/\/victoria.gob.ar\/prensa\/wp-content\/uploads\/2026\/01\/WhatsApp-Image-2026-01-21-at-08.55.02-1024x768.jpeg\" alt=\"\" class=\"wp-image-2496\" \/><\/figure>\n<\/figure>","protected":false},"excerpt":{"rendered":"<p>\u00bfSab\u00edas que en el corral\u00f3n municipal se cuenta con un \u00e1rea dedicada exclusivamente a la carpinter\u00eda? Desde all\u00ed se realizan arreglos, restauraciones y tambi\u00e9n nuevos proyectos en madera. En esta oportunidad, construyeron un hermoso puente para el predio de la Vieja Estaci\u00f3n, que reemplaza a la antigua losa deteriorada que cubr\u00eda la zanja de desag\u00fce&hellip;&nbsp;<a href=\"https:\/\/victoria.gob.ar\/es\/el-equipo-de-carpinteria-municipal-realizo-un-bello-aporte-en-el-predio-de-la-vieja-estacion-%f0%9f%91%8f%f0%9f%8f%bc%f0%9f%aa%b5\/\" rel=\"bookmark\"><span class=\"screen-reader-text\">\u00a1EL EQUIPO DE CARPINTER\u00cdA MUNICIPAL REALIZ\u00d3 UN BELLO APORTE EN EL PREDIO DE LA VIEJA ESTACI\u00d3N! &#x1f44f;&#x1f3fc;&#x1fab5;<\/span><\/a><\/p>\n","protected":false},"author":2,"featured_media":3473,"comment_status":"open","ping_status":"open","sticky":false,"template":"","format":"standard","meta":{"neve_meta_sidebar":"","neve_meta_container":"","neve_meta_enable_content_width":"","neve_meta_content_width":0,"neve_meta_title_alignment":"","neve_meta_author_avatar":"","neve_post_elements_order":"","neve_meta_disable_header":"","neve_meta_disable_footer":"","neve_meta_disable_title":"","footnotes":""},"categories":[1],"tags":[],"class_list":["post-3472","post","type-post","status-publish","format-standard","has-post-thumbnail","hentry","category-sin-categoria"],"_links":{"self":[{"href":"https:\/\/victoria.gob.ar\/es\/wp-json\/wp\/v2\/posts\/3472","targetHints":{"allow":["GET"]}}],"collection":[{"href":"https:\/\/victoria.gob.ar\/es\/wp-json\/wp\/v2\/posts"}],"about":[{"href":"https:\/\/victoria.gob.ar\/es\/wp-json\/wp\/v2\/types\/post"}],"author":[{"embeddable":true,"href":"https:\/\/victoria.gob.ar\/es\/wp-json\/wp\/v2\/users\/2"}],"replies":[{"embeddable":true,"href":"https:\/\/victoria.gob.ar\/es\/wp-json\/wp\/v2\/comments?post=3472"}],"version-history":[{"count":0,"href":"https:\/\/victoria.gob.ar\/es\/wp-json\/wp\/v2\/posts\/3472\/revisions"}],"wp:featuredmedia":[{"embeddable":true,"href":"https:\/\/victoria.gob.ar\/es\/wp-json\/wp\/v2\/media\/3473"}],"wp:attachment":[{"href":"https:\/\/victoria.gob.ar\/es\/wp-json\/wp\/v2\/media?parent=3472"}],"wp:term":[{"taxonomy":"category","embeddable":true,"href":"https:\/\/victoria.gob.ar\/es\/wp-json\/wp\/v2\/categories?post=3472"},{"taxonomy":"post_tag","embeddable":true,"href":"https:\/\/victoria.gob.ar\/es\/wp-json\/wp\/v2\/tags?post=3472"}],"curies":[{"name":"wp","href":"https:\/\/api.w.org\/{rel}","templated":true}]}}