{"id":3440,"date":"2026-01-05T17:12:45","date_gmt":"2026-01-05T17:12:45","guid":{"rendered":"http:\/\/victoria.gob.ar\/es\/concierto-de-reyes-%f0%9f%91%91%f0%9f%8e%b5\/"},"modified":"2026-01-05T17:12:45","modified_gmt":"2026-01-05T17:12:45","slug":"concierto-de-reyes-%f0%9f%91%91%f0%9f%8e%b5","status":"publish","type":"post","link":"https:\/\/victoria.gob.ar\/es\/concierto-de-reyes-%f0%9f%91%91%f0%9f%8e%b5\/","title":{"rendered":"CONCIERTO DE REYES &#x1f451;&#x1f3b5;"},"content":{"rendered":"<p>Ayer se vivi\u00f3 una noche en familia y a pura m\u00fasica. Frente a nuestro Arbolito de Navidad en Plaza San Mart\u00edn, se realiz\u00f3 un concierto con m\u00fasicos de la Banda Municipal de M\u00fasica \u201cSebasti\u00e1n Ingrao\u201d, y profesores y alumnos de la Escuela Municipal de M\u00fasica \u201cJusto Jos\u00e9 de Urquiza\u201d.<\/p>\n<p><img decoding=\"async\" src=\"https:\/\/s.w.org\/images\/core\/emoji\/17.0.2\/72x72\/1f517.png\" alt=\"&#x1f517;\" class=\"wp-smiley\" \/> Mir\u00e1 todas las fotos a trav\u00e9s del siguiente enlace:<\/p>\n<div class=\"wp-block-buttons is-layout-flex wp-block-buttons-is-layout-flex\">\n<div class=\"wp-block-button\"><a class=\"wp-block-button__link wp-element-button\" href=\"https:\/\/photos.app.goo.gl\/rFn5tGfDtchMd1fw6\">fotos<\/a><\/div>\n<\/div>\n<figure class=\"wp-block-gallery has-nested-images columns-default is-cropped wp-block-gallery-3 is-layout-flex wp-block-gallery-is-layout-flex\">\n<figure class=\"wp-block-image size-large\"><img decoding=\"async\" loading=\"lazy\" width=\"1024\" height=\"682\" data-id=\"2434\" src=\"https:\/\/victoria.gob.ar\/prensa\/wp-content\/uploads\/2026\/01\/WhatsApp-Image-2026-01-05-at-21.02.19-1-1024x682.jpeg\" alt=\"\" class=\"wp-image-2434\" \/><\/figure>\n<figure class=\"wp-block-image size-large\"><img decoding=\"async\" loading=\"lazy\" width=\"1024\" height=\"682\" data-id=\"2435\" src=\"https:\/\/victoria.gob.ar\/prensa\/wp-content\/uploads\/2026\/01\/WhatsApp-Image-2026-01-05-at-21.02.19-1024x682.jpeg\" alt=\"\" class=\"wp-image-2435\" \/><\/figure>\n<figure class=\"wp-block-image size-large\"><img decoding=\"async\" loading=\"lazy\" width=\"1024\" height=\"682\" data-id=\"2437\" src=\"https:\/\/victoria.gob.ar\/prensa\/wp-content\/uploads\/2026\/01\/WhatsApp-Image-2026-01-05-at-21.02.18-1-1024x682.jpeg\" alt=\"\" class=\"wp-image-2437\" \/><\/figure>\n<figure class=\"wp-block-image size-large\"><img decoding=\"async\" loading=\"lazy\" width=\"1024\" height=\"682\" data-id=\"2452\" src=\"https:\/\/victoria.gob.ar\/prensa\/wp-content\/uploads\/2026\/01\/WhatsApp-Image-2026-01-05-at-21.02.18-1024x682.jpeg\" alt=\"\" class=\"wp-image-2452\" \/><\/figure>\n<figure class=\"wp-block-image size-large\"><img decoding=\"async\" loading=\"lazy\" width=\"1024\" height=\"682\" data-id=\"2438\" src=\"https:\/\/victoria.gob.ar\/prensa\/wp-content\/uploads\/2026\/01\/WhatsApp-Image-2026-01-05-at-21.02.17-1024x682.jpeg\" alt=\"\" class=\"wp-image-2438\" \/><\/figure>\n<figure class=\"wp-block-image size-large\"><img decoding=\"async\" loading=\"lazy\" width=\"1024\" height=\"682\" data-id=\"2436\" src=\"https:\/\/victoria.gob.ar\/prensa\/wp-content\/uploads\/2026\/01\/WhatsApp-Image-2026-01-05-at-21.02.15-1024x682.jpeg\" alt=\"\" class=\"wp-image-2436\" \/><\/figure>\n<figure class=\"wp-block-image size-large\"><img decoding=\"async\" loading=\"lazy\" width=\"1024\" height=\"682\" data-id=\"2454\" src=\"https:\/\/victoria.gob.ar\/prensa\/wp-content\/uploads\/2026\/01\/WhatsApp-Image-2026-01-05-at-21.02.14-1024x682.jpeg\" alt=\"\" class=\"wp-image-2454\" \/><\/figure>\n<figure class=\"wp-block-image size-large\"><img decoding=\"async\" loading=\"lazy\" width=\"1024\" height=\"682\" data-id=\"2449\" src=\"https:\/\/victoria.gob.ar\/prensa\/wp-content\/uploads\/2026\/01\/WhatsApp-Image-2026-01-05-at-21.02.13-1-1024x682.jpeg\" alt=\"\" class=\"wp-image-2449\" \/><\/figure>\n<figure class=\"wp-block-image size-large\"><img decoding=\"async\" loading=\"lazy\" width=\"1024\" height=\"682\" data-id=\"2442\" src=\"https:\/\/victoria.gob.ar\/prensa\/wp-content\/uploads\/2026\/01\/WhatsApp-Image-2026-01-05-at-21.02.13-1024x682.jpeg\" alt=\"\" class=\"wp-image-2442\" \/><\/figure>\n<figure class=\"wp-block-image size-large\"><img decoding=\"async\" loading=\"lazy\" width=\"1024\" height=\"682\" data-id=\"2446\" src=\"https:\/\/victoria.gob.ar\/prensa\/wp-content\/uploads\/2026\/01\/WhatsApp-Image-2026-01-05-at-21.02.12-1-1024x682.jpeg\" alt=\"\" class=\"wp-image-2446\" \/><\/figure>\n<figure class=\"wp-block-image size-large\"><img decoding=\"async\" loading=\"lazy\" width=\"1024\" height=\"682\" data-id=\"2444\" src=\"https:\/\/victoria.gob.ar\/prensa\/wp-content\/uploads\/2026\/01\/WhatsApp-Image-2026-01-05-at-21.02.12-1024x682.jpeg\" alt=\"\" class=\"wp-image-2444\" \/><\/figure>\n<figure class=\"wp-block-image size-large\"><img decoding=\"async\" loading=\"lazy\" width=\"1024\" height=\"682\" data-id=\"2440\" src=\"https:\/\/victoria.gob.ar\/prensa\/wp-content\/uploads\/2026\/01\/WhatsApp-Image-2026-01-05-at-21.02.11-1-1024x682.jpeg\" alt=\"\" class=\"wp-image-2440\" \/><\/figure>\n<figure class=\"wp-block-image size-large\"><img decoding=\"async\" loading=\"lazy\" width=\"1024\" height=\"682\" data-id=\"2455\" src=\"https:\/\/victoria.gob.ar\/prensa\/wp-content\/uploads\/2026\/01\/WhatsApp-Image-2026-01-05-at-21.02.11-1024x682.jpeg\" alt=\"\" class=\"wp-image-2455\" \/><\/figure>\n<figure class=\"wp-block-image size-large\"><img decoding=\"async\" loading=\"lazy\" width=\"1024\" height=\"682\" data-id=\"2441\" src=\"https:\/\/victoria.gob.ar\/prensa\/wp-content\/uploads\/2026\/01\/WhatsApp-Image-2026-01-05-at-21.02.10-1-1024x682.jpeg\" alt=\"\" class=\"wp-image-2441\" \/><\/figure>\n<figure class=\"wp-block-image size-large\"><img decoding=\"async\" loading=\"lazy\" width=\"1024\" height=\"682\" data-id=\"2445\" src=\"https:\/\/victoria.gob.ar\/prensa\/wp-content\/uploads\/2026\/01\/WhatsApp-Image-2026-01-05-at-21.02.10-1024x682.jpeg\" alt=\"\" class=\"wp-image-2445\" \/><\/figure>\n<figure class=\"wp-block-image size-large\"><img decoding=\"async\" loading=\"lazy\" width=\"1024\" height=\"682\" data-id=\"2456\" src=\"https:\/\/victoria.gob.ar\/prensa\/wp-content\/uploads\/2026\/01\/WhatsApp-Image-2026-01-05-at-21.01.29-1024x682.jpeg\" alt=\"\" class=\"wp-image-2456\" \/><\/figure>\n<figure class=\"wp-block-image size-large\"><img decoding=\"async\" loading=\"lazy\" width=\"1024\" height=\"682\" data-id=\"2439\" src=\"https:\/\/victoria.gob.ar\/prensa\/wp-content\/uploads\/2026\/01\/WhatsApp-Image-2026-01-05-at-21.01.27-1024x682.jpeg\" alt=\"\" class=\"wp-image-2439\" \/><\/figure>\n<figure class=\"wp-block-image size-large\"><img decoding=\"async\" loading=\"lazy\" width=\"1024\" height=\"682\" data-id=\"2457\" src=\"https:\/\/victoria.gob.ar\/prensa\/wp-content\/uploads\/2026\/01\/WhatsApp-Image-2026-01-05-at-21.01.21-2-1024x682.jpeg\" alt=\"\" class=\"wp-image-2457\" \/><\/figure>\n<figure class=\"wp-block-image size-large\"><img decoding=\"async\" loading=\"lazy\" width=\"1024\" height=\"682\" data-id=\"2443\" src=\"https:\/\/victoria.gob.ar\/prensa\/wp-content\/uploads\/2026\/01\/WhatsApp-Image-2026-01-05-at-21.01.21-1-1024x682.jpeg\" alt=\"\" class=\"wp-image-2443\" \/><\/figure>\n<figure class=\"wp-block-image size-large\"><img decoding=\"async\" loading=\"lazy\" width=\"1024\" height=\"682\" data-id=\"2453\" src=\"https:\/\/victoria.gob.ar\/prensa\/wp-content\/uploads\/2026\/01\/WhatsApp-Image-2026-01-05-at-21.01.21-1024x682.jpeg\" alt=\"\" class=\"wp-image-2453\" \/><\/figure>\n<figure class=\"wp-block-image size-large\"><img decoding=\"async\" loading=\"lazy\" width=\"1024\" height=\"683\" data-id=\"2448\" src=\"https:\/\/victoria.gob.ar\/prensa\/wp-content\/uploads\/2026\/01\/WhatsApp-Image-2026-01-05-at-21.01.20-1024x683.jpeg\" alt=\"\" class=\"wp-image-2448\" \/><\/figure>\n<figure class=\"wp-block-image size-large\"><img decoding=\"async\" loading=\"lazy\" width=\"1024\" height=\"682\" data-id=\"2451\" src=\"https:\/\/victoria.gob.ar\/prensa\/wp-content\/uploads\/2026\/01\/WhatsApp-Image-2026-01-05-at-21.01.18-1024x682.jpeg\" alt=\"\" class=\"wp-image-2451\" \/><\/figure>\n<figure class=\"wp-block-image size-large\"><img decoding=\"async\" loading=\"lazy\" width=\"1024\" height=\"682\" data-id=\"2447\" src=\"https:\/\/victoria.gob.ar\/prensa\/wp-content\/uploads\/2026\/01\/WhatsApp-Image-2026-01-05-at-21.01.19-1024x682.jpeg\" alt=\"\" class=\"wp-image-2447\" \/><\/figure>\n<figure class=\"wp-block-image size-large\"><img decoding=\"async\" loading=\"lazy\" width=\"1024\" height=\"682\" data-id=\"2450\" src=\"https:\/\/victoria.gob.ar\/prensa\/wp-content\/uploads\/2026\/01\/WhatsApp-Image-2026-01-05-at-21.01.16-1024x682.jpeg\" alt=\"\" class=\"wp-image-2450\" \/><\/figure>\n<\/figure>","protected":false},"excerpt":{"rendered":"<p>Ayer se vivi\u00f3 una noche en familia y a pura m\u00fasica. Frente a nuestro Arbolito de Navidad en Plaza San Mart\u00edn, se realiz\u00f3 un concierto con m\u00fasicos de la Banda Municipal de M\u00fasica \u201cSebasti\u00e1n Ingrao\u201d, y profesores y alumnos de la Escuela Municipal de M\u00fasica \u201cJusto Jos\u00e9 de Urquiza\u201d. Mir\u00e1 todas las fotos a trav\u00e9s&hellip;&nbsp;<a href=\"https:\/\/victoria.gob.ar\/es\/concierto-de-reyes-%f0%9f%91%91%f0%9f%8e%b5\/\" rel=\"bookmark\"><span class=\"screen-reader-text\">CONCIERTO DE REYES &#x1f451;&#x1f3b5;<\/span><\/a><\/p>\n","protected":false},"author":2,"featured_media":3441,"comment_status":"open","ping_status":"open","sticky":false,"template":"","format":"standard","meta":{"neve_meta_sidebar":"","neve_meta_container":"","neve_meta_enable_content_width":"","neve_meta_content_width":0,"neve_meta_title_alignment":"","neve_meta_author_avatar":"","neve_post_elements_order":"","neve_meta_disable_header":"","neve_meta_disable_footer":"","neve_meta_disable_title":"","footnotes":""},"categories":[1],"tags":[],"class_list":["post-3440","post","type-post","status-publish","format-standard","has-post-thumbnail","hentry","category-sin-categoria"],"_links":{"self":[{"href":"https:\/\/victoria.gob.ar\/es\/wp-json\/wp\/v2\/posts\/3440","targetHints":{"allow":["GET"]}}],"collection":[{"href":"https:\/\/victoria.gob.ar\/es\/wp-json\/wp\/v2\/posts"}],"about":[{"href":"https:\/\/victoria.gob.ar\/es\/wp-json\/wp\/v2\/types\/post"}],"author":[{"embeddable":true,"href":"https:\/\/victoria.gob.ar\/es\/wp-json\/wp\/v2\/users\/2"}],"replies":[{"embeddable":true,"href":"https:\/\/victoria.gob.ar\/es\/wp-json\/wp\/v2\/comments?post=3440"}],"version-history":[{"count":0,"href":"https:\/\/victoria.gob.ar\/es\/wp-json\/wp\/v2\/posts\/3440\/revisions"}],"wp:featuredmedia":[{"embeddable":true,"href":"https:\/\/victoria.gob.ar\/es\/wp-json\/wp\/v2\/media\/3441"}],"wp:attachment":[{"href":"https:\/\/victoria.gob.ar\/es\/wp-json\/wp\/v2\/media?parent=3440"}],"wp:term":[{"taxonomy":"category","embeddable":true,"href":"https:\/\/victoria.gob.ar\/es\/wp-json\/wp\/v2\/categories?post=3440"},{"taxonomy":"post_tag","embeddable":true,"href":"https:\/\/victoria.gob.ar\/es\/wp-json\/wp\/v2\/tags?post=3440"}],"curies":[{"name":"wp","href":"https:\/\/api.w.org\/{rel}","templated":true}]}}