{"id":3438,"date":"2026-01-06T17:06:44","date_gmt":"2026-01-06T17:06:44","guid":{"rendered":"http:\/\/victoria.gob.ar\/es\/la-alegria-de-nuestros-ninos-en-la-colonia-de-vacaciones-%e2%98%80%ef%b8%8f\/"},"modified":"2026-01-06T17:06:44","modified_gmt":"2026-01-06T17:06:44","slug":"la-alegria-de-nuestros-ninos-en-la-colonia-de-vacaciones-%e2%98%80%ef%b8%8f","status":"publish","type":"post","link":"https:\/\/victoria.gob.ar\/es\/la-alegria-de-nuestros-ninos-en-la-colonia-de-vacaciones-%e2%98%80%ef%b8%8f\/","title":{"rendered":"LA ALEGR\u00cdA DE NUESTROS NI\u00d1OS EN LA COLONIA DE VACACIONES &#x2600;&#xfe0f;"},"content":{"rendered":"<p>El lunes, la Municipalidad de Victoria dio inicio a la Colonia Municipal de Vacaciones, un espacio pensado para que los chicos disfruten, jueguen y compartan. Nataci\u00f3n, deportes, actividades recreativas, desayuno y almuerzo forman parte de jornadas llenas de sonrisas y compa\u00f1erismo, coordinadas desde las \u00e1reas de Deporte y Discapacidad.<br \/>Participan 240 ni\u00f1os de distintos barrios, cuidados por profesores de educaci\u00f3n f\u00edsica y organizados en grupos que funcionan en el Centro Deportivo y Social \u201cMalvinas Argentinas\u201d, el Refugio del Cuarto Cuartel y los bungalows municipales.<br \/>Un verano para crecer, divertirse y disfrutar juntos <img decoding=\"async\" src=\"https:\/\/s.w.org\/images\/core\/emoji\/17.0.2\/72x72\/1f308.png\" alt=\"&#x1f308;\" class=\"wp-smiley\" \/>.<\/p>\n<figure class=\"wp-block-gallery has-nested-images columns-default is-cropped wp-block-gallery-2 is-layout-flex wp-block-gallery-is-layout-flex\">\n<figure class=\"wp-block-image size-large\"><img decoding=\"async\" loading=\"lazy\" width=\"1024\" height=\"682\" data-id=\"2431\" src=\"https:\/\/victoria.gob.ar\/prensa\/wp-content\/uploads\/2026\/01\/WhatsApp-Image-2026-01-06-at-21.08.10-1-1024x682.jpeg\" alt=\"\" class=\"wp-image-2431\" \/><\/figure>\n<figure class=\"wp-block-image size-large\"><img decoding=\"async\" loading=\"lazy\" width=\"1024\" height=\"682\" data-id=\"2423\" src=\"https:\/\/victoria.gob.ar\/prensa\/wp-content\/uploads\/2026\/01\/WhatsApp-Image-2026-01-06-at-21.08.10-1024x682.jpeg\" alt=\"\" class=\"wp-image-2423\" \/><\/figure>\n<figure class=\"wp-block-image size-large\"><img decoding=\"async\" loading=\"lazy\" width=\"1024\" height=\"682\" data-id=\"2428\" src=\"https:\/\/victoria.gob.ar\/prensa\/wp-content\/uploads\/2026\/01\/WhatsApp-Image-2026-01-06-at-21.08.09-3-1024x682.jpeg\" alt=\"\" class=\"wp-image-2428\" \/><\/figure>\n<figure class=\"wp-block-image size-large\"><img decoding=\"async\" loading=\"lazy\" width=\"1024\" height=\"682\" data-id=\"2422\" src=\"https:\/\/victoria.gob.ar\/prensa\/wp-content\/uploads\/2026\/01\/WhatsApp-Image-2026-01-06-at-21.08.09-2-1024x682.jpeg\" alt=\"\" class=\"wp-image-2422\" \/><\/figure>\n<figure class=\"wp-block-image size-large\"><img decoding=\"async\" loading=\"lazy\" width=\"1024\" height=\"682\" data-id=\"2424\" src=\"https:\/\/victoria.gob.ar\/prensa\/wp-content\/uploads\/2026\/01\/WhatsApp-Image-2026-01-06-at-21.08.09-1-1024x682.jpeg\" alt=\"\" class=\"wp-image-2424\" \/><\/figure>\n<figure class=\"wp-block-image size-large\"><img decoding=\"async\" loading=\"lazy\" width=\"1024\" height=\"682\" data-id=\"2430\" src=\"https:\/\/victoria.gob.ar\/prensa\/wp-content\/uploads\/2026\/01\/WhatsApp-Image-2026-01-06-at-21.08.09-1024x682.jpeg\" alt=\"\" class=\"wp-image-2430\" \/><\/figure>\n<figure class=\"wp-block-image size-large\"><img decoding=\"async\" loading=\"lazy\" width=\"1024\" height=\"682\" data-id=\"2425\" src=\"https:\/\/victoria.gob.ar\/prensa\/wp-content\/uploads\/2026\/01\/WhatsApp-Image-2026-01-06-at-21.08.08-3-1024x682.jpeg\" alt=\"\" class=\"wp-image-2425\" \/><\/figure>\n<figure class=\"wp-block-image size-large\"><img decoding=\"async\" loading=\"lazy\" width=\"1024\" height=\"682\" data-id=\"2426\" src=\"https:\/\/victoria.gob.ar\/prensa\/wp-content\/uploads\/2026\/01\/WhatsApp-Image-2026-01-06-at-21.08.08-2-1024x682.jpeg\" alt=\"\" class=\"wp-image-2426\" \/><\/figure>\n<figure class=\"wp-block-image size-large\"><img decoding=\"async\" loading=\"lazy\" width=\"1024\" height=\"682\" data-id=\"2427\" src=\"https:\/\/victoria.gob.ar\/prensa\/wp-content\/uploads\/2026\/01\/WhatsApp-Image-2026-01-06-at-21.08.08-1-1024x682.jpeg\" alt=\"\" class=\"wp-image-2427\" \/><\/figure>\n<figure class=\"wp-block-image size-large\"><img decoding=\"async\" loading=\"lazy\" width=\"1024\" height=\"682\" data-id=\"2429\" src=\"https:\/\/victoria.gob.ar\/prensa\/wp-content\/uploads\/2026\/01\/WhatsApp-Image-2026-01-06-at-21.08.08-1024x682.jpeg\" alt=\"\" class=\"wp-image-2429\" \/><\/figure>\n<\/figure>","protected":false},"excerpt":{"rendered":"<p>El lunes, la Municipalidad de Victoria dio inicio a la Colonia Municipal de Vacaciones, un espacio pensado para que los chicos disfruten, jueguen y compartan. Nataci\u00f3n, deportes, actividades recreativas, desayuno y almuerzo forman parte de jornadas llenas de sonrisas y compa\u00f1erismo, coordinadas desde las \u00e1reas de Deporte y Discapacidad.Participan 240 ni\u00f1os de distintos barrios, cuidados&hellip;&nbsp;<a href=\"https:\/\/victoria.gob.ar\/es\/la-alegria-de-nuestros-ninos-en-la-colonia-de-vacaciones-%e2%98%80%ef%b8%8f\/\" rel=\"bookmark\"><span class=\"screen-reader-text\">LA ALEGR\u00cdA DE NUESTROS NI\u00d1OS EN LA COLONIA DE VACACIONES &#x2600;&#xfe0f;<\/span><\/a><\/p>\n","protected":false},"author":2,"featured_media":3439,"comment_status":"open","ping_status":"open","sticky":false,"template":"","format":"standard","meta":{"neve_meta_sidebar":"","neve_meta_container":"","neve_meta_enable_content_width":"","neve_meta_content_width":0,"neve_meta_title_alignment":"","neve_meta_author_avatar":"","neve_post_elements_order":"","neve_meta_disable_header":"","neve_meta_disable_footer":"","neve_meta_disable_title":"","footnotes":""},"categories":[1],"tags":[],"class_list":["post-3438","post","type-post","status-publish","format-standard","has-post-thumbnail","hentry","category-sin-categoria"],"_links":{"self":[{"href":"https:\/\/victoria.gob.ar\/es\/wp-json\/wp\/v2\/posts\/3438","targetHints":{"allow":["GET"]}}],"collection":[{"href":"https:\/\/victoria.gob.ar\/es\/wp-json\/wp\/v2\/posts"}],"about":[{"href":"https:\/\/victoria.gob.ar\/es\/wp-json\/wp\/v2\/types\/post"}],"author":[{"embeddable":true,"href":"https:\/\/victoria.gob.ar\/es\/wp-json\/wp\/v2\/users\/2"}],"replies":[{"embeddable":true,"href":"https:\/\/victoria.gob.ar\/es\/wp-json\/wp\/v2\/comments?post=3438"}],"version-history":[{"count":0,"href":"https:\/\/victoria.gob.ar\/es\/wp-json\/wp\/v2\/posts\/3438\/revisions"}],"wp:featuredmedia":[{"embeddable":true,"href":"https:\/\/victoria.gob.ar\/es\/wp-json\/wp\/v2\/media\/3439"}],"wp:attachment":[{"href":"https:\/\/victoria.gob.ar\/es\/wp-json\/wp\/v2\/media?parent=3438"}],"wp:term":[{"taxonomy":"category","embeddable":true,"href":"https:\/\/victoria.gob.ar\/es\/wp-json\/wp\/v2\/categories?post=3438"},{"taxonomy":"post_tag","embeddable":true,"href":"https:\/\/victoria.gob.ar\/es\/wp-json\/wp\/v2\/tags?post=3438"}],"curies":[{"name":"wp","href":"https:\/\/api.w.org\/{rel}","templated":true}]}}