{"id":3400,"date":"2025-12-16T14:20:43","date_gmt":"2025-12-16T14:20:43","guid":{"rendered":"http:\/\/victoria.gob.ar\/es\/la-intendente-isa-castagnino-acompanada-por-la-diputada-provincial-laura-stratta-el-senador-provincial-victor-sanzberro-funcionarios-y-concejales-recibio-a-rectores-docentes-y-estudiantes-preocu\/"},"modified":"2025-12-16T14:20:43","modified_gmt":"2025-12-16T14:20:43","slug":"la-intendente-isa-castagnino-acompanada-por-la-diputada-provincial-laura-stratta-el-senador-provincial-victor-sanzberro-funcionarios-y-concejales-recibio-a-rectores-docentes-y-estudiantes-preocu","status":"publish","type":"post","link":"https:\/\/victoria.gob.ar\/es\/la-intendente-isa-castagnino-acompanada-por-la-diputada-provincial-laura-stratta-el-senador-provincial-victor-sanzberro-funcionarios-y-concejales-recibio-a-rectores-docentes-y-estudiantes-preocu\/","title":{"rendered":"La intendente, Isa Castagnino, acompa\u00f1ada por la diputada provincial Laura Stratta, el senador provincial V\u00edctor Sanzberro, funcionarios y concejales, recibi\u00f3 a rectores, docentes y estudiantes preocupados por la incertidumbre en torno a la continuidad del Nivel Superior, su situaci\u00f3n laboral y la oferta educativa para los victorienses."},"content":{"rendered":"<p>Durante el encuentro, la intendente escuch\u00f3 los planteos y se comprometi\u00f3 a gestionar una audiencia con el presidente del Consejo General de Educaci\u00f3n, Carlos Cuenca, con el objetivo de canalizar el reclamo y avanzar en respuestas claras para el Nivel Superior en Victoria.<\/p>\n<figure class=\"wp-block-image size-large\"><img loading=\"lazy\" decoding=\"async\" width=\"1024\" height=\"682\" src=\"https:\/\/victoria.gob.ar\/prensa\/wp-content\/uploads\/2025\/12\/WhatsApp-Image-2025-12-15-at-22.44.49-1024x682.jpeg\" alt=\"\" class=\"wp-image-2406\" \/><\/figure>","protected":false},"excerpt":{"rendered":"<p>Durante el encuentro, la intendente escuch\u00f3 los planteos y se comprometi\u00f3 a gestionar una audiencia con el presidente del Consejo General de Educaci\u00f3n, Carlos Cuenca, con el objetivo de canalizar el reclamo y avanzar en respuestas claras para el Nivel Superior en Victoria.<\/p>\n","protected":false},"author":2,"featured_media":3401,"comment_status":"open","ping_status":"open","sticky":false,"template":"","format":"standard","meta":{"neve_meta_sidebar":"","neve_meta_container":"","neve_meta_enable_content_width":"","neve_meta_content_width":0,"neve_meta_title_alignment":"","neve_meta_author_avatar":"","neve_post_elements_order":"","neve_meta_disable_header":"","neve_meta_disable_footer":"","neve_meta_disable_title":"","footnotes":""},"categories":[1],"tags":[],"class_list":["post-3400","post","type-post","status-publish","format-standard","has-post-thumbnail","hentry","category-sin-categoria"],"_links":{"self":[{"href":"https:\/\/victoria.gob.ar\/es\/wp-json\/wp\/v2\/posts\/3400","targetHints":{"allow":["GET"]}}],"collection":[{"href":"https:\/\/victoria.gob.ar\/es\/wp-json\/wp\/v2\/posts"}],"about":[{"href":"https:\/\/victoria.gob.ar\/es\/wp-json\/wp\/v2\/types\/post"}],"author":[{"embeddable":true,"href":"https:\/\/victoria.gob.ar\/es\/wp-json\/wp\/v2\/users\/2"}],"replies":[{"embeddable":true,"href":"https:\/\/victoria.gob.ar\/es\/wp-json\/wp\/v2\/comments?post=3400"}],"version-history":[{"count":0,"href":"https:\/\/victoria.gob.ar\/es\/wp-json\/wp\/v2\/posts\/3400\/revisions"}],"wp:featuredmedia":[{"embeddable":true,"href":"https:\/\/victoria.gob.ar\/es\/wp-json\/wp\/v2\/media\/3401"}],"wp:attachment":[{"href":"https:\/\/victoria.gob.ar\/es\/wp-json\/wp\/v2\/media?parent=3400"}],"wp:term":[{"taxonomy":"category","embeddable":true,"href":"https:\/\/victoria.gob.ar\/es\/wp-json\/wp\/v2\/categories?post=3400"},{"taxonomy":"post_tag","embeddable":true,"href":"https:\/\/victoria.gob.ar\/es\/wp-json\/wp\/v2\/tags?post=3400"}],"curies":[{"name":"wp","href":"https:\/\/api.w.org\/{rel}","templated":true}]}}