{"id":3394,"date":"2025-12-11T14:25:39","date_gmt":"2025-12-11T14:25:39","guid":{"rendered":"http:\/\/victoria.gob.ar\/es\/la-comercializacion-y-uso-de-pirotecnia-con-efectos-sonoros-estan-prohibidos\/"},"modified":"2025-12-11T14:25:39","modified_gmt":"2025-12-11T14:25:39","slug":"la-comercializacion-y-uso-de-pirotecnia-con-efectos-sonoros-estan-prohibidos","status":"publish","type":"post","link":"https:\/\/victoria.gob.ar\/es\/la-comercializacion-y-uso-de-pirotecnia-con-efectos-sonoros-estan-prohibidos\/","title":{"rendered":"La comercializaci\u00f3n y uso de pirotecnia con efectos sonoros est\u00e1n prohibidos."},"content":{"rendered":"<p>Si ves locales que comercializan, realiz\u00e1 tu denuncia al 147.<\/p>\n<figure class=\"wp-block-gallery has-nested-images columns-default is-cropped wp-block-gallery-2 is-layout-flex wp-block-gallery-is-layout-flex\">\n<figure class=\"wp-block-image size-large\"><img decoding=\"async\" loading=\"lazy\" width=\"819\" height=\"1024\" data-id=\"2397\" src=\"https:\/\/victoria.gob.ar\/prensa\/wp-content\/uploads\/2025\/12\/WhatsApp-Image-2025-12-11-at-12.40.43-1-819x1024.jpeg\" alt=\"\" class=\"wp-image-2397\" \/><\/figure>\n<figure class=\"wp-block-image size-large\"><img decoding=\"async\" loading=\"lazy\" width=\"819\" height=\"1024\" data-id=\"2396\" src=\"https:\/\/victoria.gob.ar\/prensa\/wp-content\/uploads\/2025\/12\/WhatsApp-Image-2025-12-11-at-12.40.43-819x1024.jpeg\" alt=\"\" class=\"wp-image-2396\" \/><\/figure>\n<\/figure>","protected":false},"excerpt":{"rendered":"<p>Si ves locales que comercializan, realiz\u00e1 tu denuncia al 147.<\/p>\n","protected":false},"author":2,"featured_media":3395,"comment_status":"open","ping_status":"open","sticky":false,"template":"","format":"standard","meta":{"neve_meta_sidebar":"","neve_meta_container":"","neve_meta_enable_content_width":"","neve_meta_content_width":0,"neve_meta_title_alignment":"","neve_meta_author_avatar":"","neve_post_elements_order":"","neve_meta_disable_header":"","neve_meta_disable_footer":"","neve_meta_disable_title":"","footnotes":""},"categories":[1],"tags":[],"class_list":["post-3394","post","type-post","status-publish","format-standard","has-post-thumbnail","hentry","category-sin-categoria"],"_links":{"self":[{"href":"https:\/\/victoria.gob.ar\/es\/wp-json\/wp\/v2\/posts\/3394","targetHints":{"allow":["GET"]}}],"collection":[{"href":"https:\/\/victoria.gob.ar\/es\/wp-json\/wp\/v2\/posts"}],"about":[{"href":"https:\/\/victoria.gob.ar\/es\/wp-json\/wp\/v2\/types\/post"}],"author":[{"embeddable":true,"href":"https:\/\/victoria.gob.ar\/es\/wp-json\/wp\/v2\/users\/2"}],"replies":[{"embeddable":true,"href":"https:\/\/victoria.gob.ar\/es\/wp-json\/wp\/v2\/comments?post=3394"}],"version-history":[{"count":0,"href":"https:\/\/victoria.gob.ar\/es\/wp-json\/wp\/v2\/posts\/3394\/revisions"}],"wp:featuredmedia":[{"embeddable":true,"href":"https:\/\/victoria.gob.ar\/es\/wp-json\/wp\/v2\/media\/3395"}],"wp:attachment":[{"href":"https:\/\/victoria.gob.ar\/es\/wp-json\/wp\/v2\/media?parent=3394"}],"wp:term":[{"taxonomy":"category","embeddable":true,"href":"https:\/\/victoria.gob.ar\/es\/wp-json\/wp\/v2\/categories?post=3394"},{"taxonomy":"post_tag","embeddable":true,"href":"https:\/\/victoria.gob.ar\/es\/wp-json\/wp\/v2\/tags?post=3394"}],"curies":[{"name":"wp","href":"https:\/\/api.w.org\/{rel}","templated":true}]}}