{"id":3372,"date":"2025-12-08T11:39:34","date_gmt":"2025-12-08T11:39:34","guid":{"rendered":"http:\/\/victoria.gob.ar\/es\/reparacion-de-cano-principal-en-peron-y-camoirano-%f0%9f%9a%a7\/"},"modified":"2025-12-08T11:39:34","modified_gmt":"2025-12-08T11:39:34","slug":"reparacion-de-cano-principal-en-peron-y-camoirano-%f0%9f%9a%a7","status":"publish","type":"post","link":"https:\/\/victoria.gob.ar\/es\/reparacion-de-cano-principal-en-peron-y-camoirano-%f0%9f%9a%a7\/","title":{"rendered":"REPARACI\u00d3N DE CA\u00d1O PRINCIPAL EN PER\u00d3N Y CAMOIRANO &#x1f6a7;"},"content":{"rendered":"<p>Personal de Obras Sanitarias se encuentra trabajando en la reparaci\u00f3n de un ca\u00f1o principal en la intersecci\u00f3n de calles Per\u00f3n y Camoirano, tras detectarse una rotura que provoc\u00f3 baja presi\u00f3n de agua en la zona.<\/p>\n<p>Para llevar adelante las tareas fue necesario cerrar la llave del circuito, por lo que el servicio se encuentra moment\u00e1neamente interrumpido en el sector mencionado. Se estima que los trabajos finalizar\u00e1n en aproximadamente dos horas, momento en el cual se restablecer\u00e1 el abastecimiento de agua potable con presi\u00f3n normal.<\/p>\n<p>Agradecemos la comprensi\u00f3n de los vecinos mientras se realizan estos trabajos necesarios para mejorar el servicio.<\/p>\n<figure class=\"wp-block-gallery has-nested-images columns-default is-cropped wp-block-gallery-1 is-layout-flex wp-block-gallery-is-layout-flex\">\n<figure class=\"wp-block-image size-large\"><img loading=\"lazy\" decoding=\"async\" width=\"1024\" height=\"768\" data-id=\"2360\" src=\"https:\/\/victoria.gob.ar\/prensa\/wp-content\/uploads\/2025\/12\/WhatsApp-Image-2025-12-08-at-15.44.51-1-1024x768.jpeg\" alt=\"\" class=\"wp-image-2360\" \/><\/figure>\n<figure class=\"wp-block-image size-large\"><img loading=\"lazy\" decoding=\"async\" width=\"1024\" height=\"768\" data-id=\"2357\" src=\"https:\/\/victoria.gob.ar\/prensa\/wp-content\/uploads\/2025\/12\/WhatsApp-Image-2025-12-08-at-15.44.51-1024x768.jpeg\" alt=\"\" class=\"wp-image-2357\" \/><\/figure>\n<figure class=\"wp-block-image size-large\"><img loading=\"lazy\" decoding=\"async\" width=\"1024\" height=\"768\" data-id=\"2356\" src=\"https:\/\/victoria.gob.ar\/prensa\/wp-content\/uploads\/2025\/12\/WhatsApp-Image-2025-12-08-at-15.44.50-2-1024x768.jpeg\" alt=\"\" class=\"wp-image-2356\" \/><\/figure>\n<figure class=\"wp-block-image size-large\"><img decoding=\"async\" loading=\"lazy\" width=\"1024\" height=\"768\" data-id=\"2361\" src=\"https:\/\/victoria.gob.ar\/prensa\/wp-content\/uploads\/2025\/12\/WhatsApp-Image-2025-12-08-at-15.44.50-1-1024x768.jpeg\" alt=\"\" class=\"wp-image-2361\" \/><\/figure>\n<figure class=\"wp-block-image size-large\"><img decoding=\"async\" loading=\"lazy\" width=\"1024\" height=\"768\" data-id=\"2358\" src=\"https:\/\/victoria.gob.ar\/prensa\/wp-content\/uploads\/2025\/12\/WhatsApp-Image-2025-12-08-at-15.44.50-1024x768.jpeg\" alt=\"\" class=\"wp-image-2358\" \/><\/figure>\n<figure class=\"wp-block-image size-large\"><img decoding=\"async\" loading=\"lazy\" width=\"1024\" height=\"768\" data-id=\"2359\" src=\"https:\/\/victoria.gob.ar\/prensa\/wp-content\/uploads\/2025\/12\/WhatsApp-Image-2025-12-08-at-15.44.49-1024x768.jpeg\" alt=\"\" class=\"wp-image-2359\" \/><\/figure>\n<\/figure>","protected":false},"excerpt":{"rendered":"<p>Personal de Obras Sanitarias se encuentra trabajando en la reparaci\u00f3n de un ca\u00f1o principal en la intersecci\u00f3n de calles Per\u00f3n y Camoirano, tras detectarse una rotura que provoc\u00f3 baja presi\u00f3n de agua en la zona. Para llevar adelante las tareas fue necesario cerrar la llave del circuito, por lo que el servicio se encuentra moment\u00e1neamente&hellip;&nbsp;<a href=\"https:\/\/victoria.gob.ar\/es\/reparacion-de-cano-principal-en-peron-y-camoirano-%f0%9f%9a%a7\/\" rel=\"bookmark\"><span class=\"screen-reader-text\">REPARACI\u00d3N DE CA\u00d1O PRINCIPAL EN PER\u00d3N Y CAMOIRANO &#x1f6a7;<\/span><\/a><\/p>\n","protected":false},"author":2,"featured_media":3373,"comment_status":"open","ping_status":"open","sticky":false,"template":"","format":"standard","meta":{"neve_meta_sidebar":"","neve_meta_container":"","neve_meta_enable_content_width":"","neve_meta_content_width":0,"neve_meta_title_alignment":"","neve_meta_author_avatar":"","neve_post_elements_order":"","neve_meta_disable_header":"","neve_meta_disable_footer":"","neve_meta_disable_title":"","footnotes":""},"categories":[1],"tags":[],"class_list":["post-3372","post","type-post","status-publish","format-standard","has-post-thumbnail","hentry","category-sin-categoria"],"_links":{"self":[{"href":"https:\/\/victoria.gob.ar\/es\/wp-json\/wp\/v2\/posts\/3372","targetHints":{"allow":["GET"]}}],"collection":[{"href":"https:\/\/victoria.gob.ar\/es\/wp-json\/wp\/v2\/posts"}],"about":[{"href":"https:\/\/victoria.gob.ar\/es\/wp-json\/wp\/v2\/types\/post"}],"author":[{"embeddable":true,"href":"https:\/\/victoria.gob.ar\/es\/wp-json\/wp\/v2\/users\/2"}],"replies":[{"embeddable":true,"href":"https:\/\/victoria.gob.ar\/es\/wp-json\/wp\/v2\/comments?post=3372"}],"version-history":[{"count":0,"href":"https:\/\/victoria.gob.ar\/es\/wp-json\/wp\/v2\/posts\/3372\/revisions"}],"wp:featuredmedia":[{"embeddable":true,"href":"https:\/\/victoria.gob.ar\/es\/wp-json\/wp\/v2\/media\/3373"}],"wp:attachment":[{"href":"https:\/\/victoria.gob.ar\/es\/wp-json\/wp\/v2\/media?parent=3372"}],"wp:term":[{"taxonomy":"category","embeddable":true,"href":"https:\/\/victoria.gob.ar\/es\/wp-json\/wp\/v2\/categories?post=3372"},{"taxonomy":"post_tag","embeddable":true,"href":"https:\/\/victoria.gob.ar\/es\/wp-json\/wp\/v2\/tags?post=3372"}],"curies":[{"name":"wp","href":"https:\/\/api.w.org\/{rel}","templated":true}]}}