{"id":3342,"date":"2025-11-26T13:19:58","date_gmt":"2025-11-26T13:19:58","guid":{"rendered":"https:\/\/victoria.gob.ar\/es\/250-cantantes-llegan-a-victoria-para-emocionarnos\/"},"modified":"2025-11-26T13:19:58","modified_gmt":"2025-11-26T13:19:58","slug":"250-cantantes-llegan-a-victoria-para-emocionarnos","status":"publish","type":"post","link":"https:\/\/victoria.gob.ar\/es\/250-cantantes-llegan-a-victoria-para-emocionarnos\/","title":{"rendered":"250 CANTANTES LLEGAN A VICTORIA PARA EMOCIONARNOS"},"content":{"rendered":"<p>El canto del pa\u00eds en Victoria con entrada gratuita.<\/p>\n<p>\u00a1Victoria se llena de m\u00fasica! Llega la 9\u00ba Edici\u00f3n del Festival Coral Victoria, un encuentro que reunir\u00e1 a m\u00e1s de 250 talentosos cantantes de cuatro provincias.<\/p>\n<p>El <img decoding=\"async\" src=\"https:\/\/s.w.org\/images\/core\/emoji\/16.0.1\/72x72\/1f5d3.png\" alt=\"&#x1f5d3;\" class=\"wp-smiley\"\/> viernes 28 y s\u00e1bado 29 de noviembre, ven\u00ed a disfrutar de ocho destacados coros que har\u00e1n vibrar de emoci\u00f3n con la riqueza del canto popular nacional. La cita es en el Cine Teatro Victoria (<img decoding=\"async\" src=\"https:\/\/s.w.org\/images\/core\/emoji\/16.0.1\/72x72\/1f4cd.png\" alt=\"&#x1f4cd;\" class=\"wp-smiley\"\/> Alem 64), a partir de las <img decoding=\"async\" src=\"https:\/\/s.w.org\/images\/core\/emoji\/16.0.1\/72x72\/231a.png\" alt=\"&#x231a;\" class=\"wp-smiley\"\/> 19:00 h, con entrada gratuita. \u00a1Una oportunidad imperdible de vivir dos noches a pura m\u00fasica!<\/p>\n<p>Los coros protagonistas son:<\/p>\n<ul class=\"wp-block-list\">\n<li>Coro del Consejo Profesional de Ciencias Econ\u00f3micas de la Provincia de Entre R\u00edos, Paran\u00e1, Entre R\u00edos. Dirigido por el profesor Jes\u00fas Galiussi.<\/li>\n<li>Coro Comunal Cantoras (Acebal, Santa Fe). Dirigido por la profesora Nora Lenini.<\/li>\n<li>St. Luke\u2019s Open Choir HSM \/ San Lucas \u2014 Haras Santa Mar\u00eda (Buenos Aires). Dirigido por la profesora Rosina Patr\u00f3n.<\/li>\n<li>Coro Polif\u00f3nico Nuestra Se\u00f1ora del Calvario<br \/>(Santa Fe). Dirigido por el profesor Juan Aneiros Monti.<\/li>\n<li>Coro Voces en Alto (Rosario, Santa Fe). Dirigido por la profesora Patricia Mastr\u00e1ngelo.<\/li>\n<li>Coro Polif\u00f3nico Municipal de Brinkmann \u201cProf. Susana Viarengo\u201d (Brinkmann, C\u00f3rdoba). Dirigido por el profesor Dar\u00edo Almada.<\/li>\n<li>Coro Municipal Voces de las Colinas (Victoria, Entre R\u00edos). Dirigido por la profesora Patricia Far\u00edas.<\/li>\n<li>Coro Padre Lambruschini (Colegio Don Bosco)<br \/>(Ramos Mej\u00eda, Buenos Aires). Dirigido por el profesor Marcelo Valva.<\/li>\n<\/ul>\n<p>El Festival Coral Victoria est\u00e1 organizado por el Centro Cultural Esencia (Salta) y cuenta con la adhesi\u00f3n de la Municipalidad de Victoria.<\/p>\n<p>\u00a1Invitamos a toda la comunidad a sumarse a esta gran celebraci\u00f3n de la m\u00fasica<br \/>coral!<\/p>\n<figure class=\"wp-block-image size-large\"><img decoding=\"async\" loading=\"lazy\" width=\"818\" height=\"1024\" src=\"https:\/\/victoria.gob.ar\/prensa\/wp-content\/uploads\/2025\/11\/WhatsApp-Image-2025-11-26-at-11.05.29-818x1024.jpeg\" alt=\"\" class=\"wp-image-2307\"\/><\/figure>","protected":false},"excerpt":{"rendered":"<p>El canto del pa\u00eds en Victoria con entrada gratuita. \u00a1Victoria se llena de m\u00fasica! Llega la 9\u00ba Edici\u00f3n del Festival Coral Victoria, un encuentro que reunir\u00e1 a m\u00e1s de 250 talentosos cantantes de cuatro provincias. El viernes 28 y s\u00e1bado 29 de noviembre, ven\u00ed a disfrutar de ocho destacados coros que har\u00e1n vibrar de emoci\u00f3n&hellip;&nbsp;<a href=\"https:\/\/victoria.gob.ar\/es\/250-cantantes-llegan-a-victoria-para-emocionarnos\/\" rel=\"bookmark\"><span class=\"screen-reader-text\">250 CANTANTES LLEGAN A VICTORIA PARA EMOCIONARNOS<\/span><\/a><\/p>\n","protected":false},"author":2,"featured_media":3343,"comment_status":"open","ping_status":"open","sticky":false,"template":"","format":"standard","meta":{"neve_meta_sidebar":"","neve_meta_container":"","neve_meta_enable_content_width":"","neve_meta_content_width":0,"neve_meta_title_alignment":"","neve_meta_author_avatar":"","neve_post_elements_order":"","neve_meta_disable_header":"","neve_meta_disable_footer":"","neve_meta_disable_title":"","footnotes":""},"categories":[1],"tags":[],"class_list":["post-3342","post","type-post","status-publish","format-standard","has-post-thumbnail","hentry","category-sin-categoria"],"_links":{"self":[{"href":"https:\/\/victoria.gob.ar\/es\/wp-json\/wp\/v2\/posts\/3342","targetHints":{"allow":["GET"]}}],"collection":[{"href":"https:\/\/victoria.gob.ar\/es\/wp-json\/wp\/v2\/posts"}],"about":[{"href":"https:\/\/victoria.gob.ar\/es\/wp-json\/wp\/v2\/types\/post"}],"author":[{"embeddable":true,"href":"https:\/\/victoria.gob.ar\/es\/wp-json\/wp\/v2\/users\/2"}],"replies":[{"embeddable":true,"href":"https:\/\/victoria.gob.ar\/es\/wp-json\/wp\/v2\/comments?post=3342"}],"version-history":[{"count":0,"href":"https:\/\/victoria.gob.ar\/es\/wp-json\/wp\/v2\/posts\/3342\/revisions"}],"wp:featuredmedia":[{"embeddable":true,"href":"https:\/\/victoria.gob.ar\/es\/wp-json\/wp\/v2\/media\/3343"}],"wp:attachment":[{"href":"https:\/\/victoria.gob.ar\/es\/wp-json\/wp\/v2\/media?parent=3342"}],"wp:term":[{"taxonomy":"category","embeddable":true,"href":"https:\/\/victoria.gob.ar\/es\/wp-json\/wp\/v2\/categories?post=3342"},{"taxonomy":"post_tag","embeddable":true,"href":"https:\/\/victoria.gob.ar\/es\/wp-json\/wp\/v2\/tags?post=3342"}],"curies":[{"name":"wp","href":"https:\/\/api.w.org\/{rel}","templated":true}]}}