{"id":3340,"date":"2025-11-27T13:26:12","date_gmt":"2025-11-27T13:26:12","guid":{"rendered":"https:\/\/victoria.gob.ar\/es\/avanza-el-plan-de-iluminacion-en-nuestra-ciudad\/"},"modified":"2025-11-27T13:26:12","modified_gmt":"2025-11-27T13:26:12","slug":"avanza-el-plan-de-iluminacion-en-nuestra-ciudad","status":"publish","type":"post","link":"https:\/\/victoria.gob.ar\/es\/avanza-el-plan-de-iluminacion-en-nuestra-ciudad\/","title":{"rendered":"AVANZA EL PLAN DE ILUMINACI\u00d3N EN NUESTRA CIUDAD"},"content":{"rendered":"<p>La Municipalidad de Victoria sigue trabajando para iluminar Victoria como se merece.<\/p>\n<p>En esta segunda etapa del plan se est\u00e1n colocando nuevas columnas de alumbrado sobre calle Sola, desde Ituzaing\u00f3 hasta 3 de Febrero. Las mismas fueron construidas completamente por personal municipal de la Direcci\u00f3n de Seguridad y Protecci\u00f3n Civil. La obra sigue avanzando a buen ritmo. Pr\u00f3ximamente se comenzar\u00e1 la colocaci\u00f3n de las luminarias LED, que completar\u00e1n esta intervenci\u00f3n y permitir\u00e1n un alumbrado m\u00e1s moderno, eficiente y seguro.<\/p>\n<p><img decoding=\"async\" src=\"https:\/\/s.w.org\/images\/core\/emoji\/16.0.1\/72x72\/2705.png\" alt=\"&#x2705;\" class=\"wp-smiley\"\/> En la primera etapa ya se hab\u00eda llevado iluminaci\u00f3n en calle Sola, desde Bv. Pueyrred\u00f3n hasta Ituzaing\u00f3, mejorando un corredor muy importante para la circulaci\u00f3n y la seguridad.<\/p>\n<p>No se trata s\u00f3lo de poner luces: se trata de iluminar la ciudad.<\/p>\n<figure class=\"wp-block-gallery has-nested-images columns-default is-cropped wp-block-gallery-2 is-layout-flex wp-block-gallery-is-layout-flex\">\n<figure class=\"wp-block-image size-large\"><img loading=\"lazy\" decoding=\"async\" width=\"1024\" height=\"682\" data-id=\"2310\" src=\"https:\/\/victoria.gob.ar\/prensa\/wp-content\/uploads\/2025\/11\/WhatsApp-Image-2025-11-27-at-10.41.17-2-1024x682.jpeg\" alt=\"\" class=\"wp-image-2310\"\/><\/figure>\n<figure class=\"wp-block-image size-large\"><img decoding=\"async\" loading=\"lazy\" width=\"1024\" height=\"682\" data-id=\"2313\" src=\"https:\/\/victoria.gob.ar\/prensa\/wp-content\/uploads\/2025\/11\/WhatsApp-Image-2025-11-27-at-10.41.17-1-1024x682.jpeg\" alt=\"\" class=\"wp-image-2313\"\/><\/figure>\n<figure class=\"wp-block-image size-large\"><img decoding=\"async\" loading=\"lazy\" width=\"1024\" height=\"682\" data-id=\"2311\" src=\"https:\/\/victoria.gob.ar\/prensa\/wp-content\/uploads\/2025\/11\/WhatsApp-Image-2025-11-27-at-10.41.17-1024x682.jpeg\" alt=\"\" class=\"wp-image-2311\"\/><\/figure>\n<figure class=\"wp-block-image size-large\"><img decoding=\"async\" loading=\"lazy\" width=\"1024\" height=\"682\" data-id=\"2312\" src=\"https:\/\/victoria.gob.ar\/prensa\/wp-content\/uploads\/2025\/11\/WhatsApp-Image-2025-11-27-at-10.41.16-1-1024x682.jpeg\" alt=\"\" class=\"wp-image-2312\"\/><\/figure>\n<\/figure>","protected":false},"excerpt":{"rendered":"<p>La Municipalidad de Victoria sigue trabajando para iluminar Victoria como se merece. En esta segunda etapa del plan se est\u00e1n colocando nuevas columnas de alumbrado sobre calle Sola, desde Ituzaing\u00f3 hasta 3 de Febrero. Las mismas fueron construidas completamente por personal municipal de la Direcci\u00f3n de Seguridad y Protecci\u00f3n Civil. La obra sigue avanzando a&hellip;&nbsp;<a href=\"https:\/\/victoria.gob.ar\/es\/avanza-el-plan-de-iluminacion-en-nuestra-ciudad\/\" rel=\"bookmark\"><span class=\"screen-reader-text\">AVANZA EL PLAN DE ILUMINACI\u00d3N EN NUESTRA CIUDAD<\/span><\/a><\/p>\n","protected":false},"author":2,"featured_media":3341,"comment_status":"open","ping_status":"open","sticky":false,"template":"","format":"standard","meta":{"neve_meta_sidebar":"","neve_meta_container":"","neve_meta_enable_content_width":"","neve_meta_content_width":0,"neve_meta_title_alignment":"","neve_meta_author_avatar":"","neve_post_elements_order":"","neve_meta_disable_header":"","neve_meta_disable_footer":"","neve_meta_disable_title":"","footnotes":""},"categories":[1],"tags":[],"class_list":["post-3340","post","type-post","status-publish","format-standard","has-post-thumbnail","hentry","category-sin-categoria"],"_links":{"self":[{"href":"https:\/\/victoria.gob.ar\/es\/wp-json\/wp\/v2\/posts\/3340","targetHints":{"allow":["GET"]}}],"collection":[{"href":"https:\/\/victoria.gob.ar\/es\/wp-json\/wp\/v2\/posts"}],"about":[{"href":"https:\/\/victoria.gob.ar\/es\/wp-json\/wp\/v2\/types\/post"}],"author":[{"embeddable":true,"href":"https:\/\/victoria.gob.ar\/es\/wp-json\/wp\/v2\/users\/2"}],"replies":[{"embeddable":true,"href":"https:\/\/victoria.gob.ar\/es\/wp-json\/wp\/v2\/comments?post=3340"}],"version-history":[{"count":0,"href":"https:\/\/victoria.gob.ar\/es\/wp-json\/wp\/v2\/posts\/3340\/revisions"}],"wp:featuredmedia":[{"embeddable":true,"href":"https:\/\/victoria.gob.ar\/es\/wp-json\/wp\/v2\/media\/3341"}],"wp:attachment":[{"href":"https:\/\/victoria.gob.ar\/es\/wp-json\/wp\/v2\/media?parent=3340"}],"wp:term":[{"taxonomy":"category","embeddable":true,"href":"https:\/\/victoria.gob.ar\/es\/wp-json\/wp\/v2\/categories?post=3340"},{"taxonomy":"post_tag","embeddable":true,"href":"https:\/\/victoria.gob.ar\/es\/wp-json\/wp\/v2\/tags?post=3340"}],"curies":[{"name":"wp","href":"https:\/\/api.w.org\/{rel}","templated":true}]}}