{"id":3325,"date":"2025-11-21T11:46:21","date_gmt":"2025-11-21T11:46:21","guid":{"rendered":"https:\/\/victoria.gob.ar\/es\/dia-nacional-de-la-enfermeria\/"},"modified":"2025-11-21T11:46:21","modified_gmt":"2025-11-21T11:46:21","slug":"dia-nacional-de-la-enfermeria","status":"publish","type":"post","link":"https:\/\/victoria.gob.ar\/es\/dia-nacional-de-la-enfermeria\/","title":{"rendered":"D\u00cdA NACIONAL DE LA ENFERMER\u00cdA"},"content":{"rendered":"<p>Un reconocimiento a quienes cuidan con vocaci\u00f3n y compromiso.<\/p>\n<p>Hoy, la Municipalidad de Victoria saluda a las enfermeras y enfermeros de nuestra ciudad en su d\u00eda y agradece profundamente el trabajo que realizan a diario en cada centro de salud. Su tarea es esencial para el cuidado, la prevenci\u00f3n y el acompa\u00f1amiento a las familias de Victoria.<\/p>\n<p>Ayer, en el Concejo Deliberante, se realiz\u00f3 un emotivo homenaje al personal de enfermer\u00eda jubilado del sistema municipal, reconociendo su trayectoria, dedicaci\u00f3n y el rol fundamental que tuvieron como referentes barriales.<\/p>\n<p>Fueron distinguidas:<\/p>\n<ul class=\"wp-block-list\">\n<li>Olga Victoria Brassesco<\/li>\n<li>M\u00f3nica Graciela Silva<\/li>\n<li>Mirta Beatriz Molinero<\/li>\n<li>Elba Ester Garcilazo<\/li>\n<li>Blanca Rosa Cardoso<\/li>\n<li>Ang\u00e9lica Noem\u00ed Zalazar<\/li>\n<li>Beatriz Maisterrena<\/li>\n<\/ul>\n<p>Desde la Municipalidad de Victoria se celebra su legado y la entrega que brindaron durante tantos a\u00f1os al servicio de la salud p\u00fablica.<\/p>\n<p>A todas las enfermeras: gracias por su humanidad, esfuerzo y compromiso con nuestra comunidad.<br \/>Feliz d\u00eda.<\/p>\n<figure class=\"wp-block-image size-large\"><img decoding=\"async\" loading=\"lazy\" width=\"1024\" height=\"682\" src=\"https:\/\/victoria.gob.ar\/prensa\/wp-content\/uploads\/2025\/11\/WhatsApp-Image-2025-11-21-at-20.24.58-1024x682.jpeg\" alt=\"\" class=\"wp-image-2282\"\/><\/figure>","protected":false},"excerpt":{"rendered":"<p>Un reconocimiento a quienes cuidan con vocaci\u00f3n y compromiso. Hoy, la Municipalidad de Victoria saluda a las enfermeras y enfermeros de nuestra ciudad en su d\u00eda y agradece profundamente el trabajo que realizan a diario en cada centro de salud. Su tarea es esencial para el cuidado, la prevenci\u00f3n y el acompa\u00f1amiento a las familias&hellip;&nbsp;<a href=\"https:\/\/victoria.gob.ar\/es\/dia-nacional-de-la-enfermeria\/\" rel=\"bookmark\"><span class=\"screen-reader-text\">D\u00cdA NACIONAL DE LA ENFERMER\u00cdA<\/span><\/a><\/p>\n","protected":false},"author":2,"featured_media":3326,"comment_status":"open","ping_status":"open","sticky":false,"template":"","format":"standard","meta":{"neve_meta_sidebar":"","neve_meta_container":"","neve_meta_enable_content_width":"","neve_meta_content_width":0,"neve_meta_title_alignment":"","neve_meta_author_avatar":"","neve_post_elements_order":"","neve_meta_disable_header":"","neve_meta_disable_footer":"","neve_meta_disable_title":"","footnotes":""},"categories":[1],"tags":[],"class_list":["post-3325","post","type-post","status-publish","format-standard","has-post-thumbnail","hentry","category-sin-categoria"],"_links":{"self":[{"href":"https:\/\/victoria.gob.ar\/es\/wp-json\/wp\/v2\/posts\/3325","targetHints":{"allow":["GET"]}}],"collection":[{"href":"https:\/\/victoria.gob.ar\/es\/wp-json\/wp\/v2\/posts"}],"about":[{"href":"https:\/\/victoria.gob.ar\/es\/wp-json\/wp\/v2\/types\/post"}],"author":[{"embeddable":true,"href":"https:\/\/victoria.gob.ar\/es\/wp-json\/wp\/v2\/users\/2"}],"replies":[{"embeddable":true,"href":"https:\/\/victoria.gob.ar\/es\/wp-json\/wp\/v2\/comments?post=3325"}],"version-history":[{"count":0,"href":"https:\/\/victoria.gob.ar\/es\/wp-json\/wp\/v2\/posts\/3325\/revisions"}],"wp:featuredmedia":[{"embeddable":true,"href":"https:\/\/victoria.gob.ar\/es\/wp-json\/wp\/v2\/media\/3326"}],"wp:attachment":[{"href":"https:\/\/victoria.gob.ar\/es\/wp-json\/wp\/v2\/media?parent=3325"}],"wp:term":[{"taxonomy":"category","embeddable":true,"href":"https:\/\/victoria.gob.ar\/es\/wp-json\/wp\/v2\/categories?post=3325"},{"taxonomy":"post_tag","embeddable":true,"href":"https:\/\/victoria.gob.ar\/es\/wp-json\/wp\/v2\/tags?post=3325"}],"curies":[{"name":"wp","href":"https:\/\/api.w.org\/{rel}","templated":true}]}}