{"id":3317,"date":"2025-11-17T11:16:33","date_gmt":"2025-11-17T11:16:33","guid":{"rendered":"http:\/\/victoria.gob.ar\/es\/poniendo-en-condiciones-nuestras-playas\/"},"modified":"2025-11-17T11:16:33","modified_gmt":"2025-11-17T11:16:33","slug":"poniendo-en-condiciones-nuestras-playas","status":"publish","type":"post","link":"https:\/\/victoria.gob.ar\/es\/poniendo-en-condiciones-nuestras-playas\/","title":{"rendered":"PONIENDO EN CONDICIONES NUESTRAS PLAYAS"},"content":{"rendered":"<p>La Municipalidad de Victoria contin\u00faa avanzando en el acondicionamiento de las tres playas de la zona Costanera, en coordinaci\u00f3n con los concesionarios, tal y como hab\u00eda sido acordado.<\/p>\n<p>Hace dos semanas se iniciaron las tareas de limpieza de camalotes y, durante esta semana, est\u00e1 previsto intensificarlas. Al mismo tiempo, se sigue trabajando sobre la arena para dejarla en las mejores condiciones posibles.<\/p>\n<p>Seguimos preparando nuestros espacios para que todos puedan disfrutarlos.<\/p>\n<figure class=\"wp-block-gallery has-nested-images columns-default is-cropped wp-block-gallery-3 is-layout-flex wp-block-gallery-is-layout-flex\">\n<figure class=\"wp-block-image size-large\"><img decoding=\"async\" loading=\"lazy\" width=\"1024\" height=\"682\" data-id=\"2221\" src=\"https:\/\/victoria.gob.ar\/prensa\/wp-content\/uploads\/2025\/11\/WhatsApp-Image-2025-11-17-at-20.39.16-1024x682.jpeg\" alt=\"\" class=\"wp-image-2221\" \/><\/figure>\n<figure class=\"wp-block-image size-large\"><img decoding=\"async\" loading=\"lazy\" width=\"1024\" height=\"682\" data-id=\"2220\" src=\"https:\/\/victoria.gob.ar\/prensa\/wp-content\/uploads\/2025\/11\/WhatsApp-Image-2025-11-17-at-20.39.15-2-1024x682.jpeg\" alt=\"\" class=\"wp-image-2220\" \/><\/figure>\n<figure class=\"wp-block-image size-large\"><img decoding=\"async\" loading=\"lazy\" width=\"1024\" height=\"682\" data-id=\"2218\" src=\"https:\/\/victoria.gob.ar\/prensa\/wp-content\/uploads\/2025\/11\/WhatsApp-Image-2025-11-17-at-20.39.15-1-1024x682.jpeg\" alt=\"\" class=\"wp-image-2218\" \/><\/figure>\n<figure class=\"wp-block-image size-large\"><img decoding=\"async\" loading=\"lazy\" width=\"1024\" height=\"682\" data-id=\"2219\" src=\"https:\/\/victoria.gob.ar\/prensa\/wp-content\/uploads\/2025\/11\/WhatsApp-Image-2025-11-17-at-20.39.15-1024x682.jpeg\" alt=\"\" class=\"wp-image-2219\" \/><\/figure>\n<\/figure>","protected":false},"excerpt":{"rendered":"<p>La Municipalidad de Victoria contin\u00faa avanzando en el acondicionamiento de las tres playas de la zona Costanera, en coordinaci\u00f3n con los concesionarios, tal y como hab\u00eda sido acordado. Hace dos semanas se iniciaron las tareas de limpieza de camalotes y, durante esta semana, est\u00e1 previsto intensificarlas. Al mismo tiempo, se sigue trabajando sobre la arena&hellip;&nbsp;<a href=\"https:\/\/victoria.gob.ar\/es\/poniendo-en-condiciones-nuestras-playas\/\" rel=\"bookmark\"><span class=\"screen-reader-text\">PONIENDO EN CONDICIONES NUESTRAS PLAYAS<\/span><\/a><\/p>\n","protected":false},"author":2,"featured_media":3318,"comment_status":"open","ping_status":"open","sticky":false,"template":"","format":"standard","meta":{"neve_meta_sidebar":"","neve_meta_container":"","neve_meta_enable_content_width":"","neve_meta_content_width":0,"neve_meta_title_alignment":"","neve_meta_author_avatar":"","neve_post_elements_order":"","neve_meta_disable_header":"","neve_meta_disable_footer":"","neve_meta_disable_title":"","footnotes":""},"categories":[1],"tags":[],"class_list":["post-3317","post","type-post","status-publish","format-standard","has-post-thumbnail","hentry","category-sin-categoria"],"_links":{"self":[{"href":"https:\/\/victoria.gob.ar\/es\/wp-json\/wp\/v2\/posts\/3317","targetHints":{"allow":["GET"]}}],"collection":[{"href":"https:\/\/victoria.gob.ar\/es\/wp-json\/wp\/v2\/posts"}],"about":[{"href":"https:\/\/victoria.gob.ar\/es\/wp-json\/wp\/v2\/types\/post"}],"author":[{"embeddable":true,"href":"https:\/\/victoria.gob.ar\/es\/wp-json\/wp\/v2\/users\/2"}],"replies":[{"embeddable":true,"href":"https:\/\/victoria.gob.ar\/es\/wp-json\/wp\/v2\/comments?post=3317"}],"version-history":[{"count":0,"href":"https:\/\/victoria.gob.ar\/es\/wp-json\/wp\/v2\/posts\/3317\/revisions"}],"wp:featuredmedia":[{"embeddable":true,"href":"https:\/\/victoria.gob.ar\/es\/wp-json\/wp\/v2\/media\/3318"}],"wp:attachment":[{"href":"https:\/\/victoria.gob.ar\/es\/wp-json\/wp\/v2\/media?parent=3317"}],"wp:term":[{"taxonomy":"category","embeddable":true,"href":"https:\/\/victoria.gob.ar\/es\/wp-json\/wp\/v2\/categories?post=3317"},{"taxonomy":"post_tag","embeddable":true,"href":"https:\/\/victoria.gob.ar\/es\/wp-json\/wp\/v2\/tags?post=3317"}],"curies":[{"name":"wp","href":"https:\/\/api.w.org\/{rel}","templated":true}]}}