{"id":3311,"date":"2025-11-19T11:21:37","date_gmt":"2025-11-19T11:21:37","guid":{"rendered":"http:\/\/victoria.gob.ar\/es\/hoy-disfruta-la-musica-en-vivo-%f0%9f%8e%b6\/"},"modified":"2025-11-19T11:21:37","modified_gmt":"2025-11-19T11:21:37","slug":"hoy-disfruta-la-musica-en-vivo-%f0%9f%8e%b6","status":"publish","type":"post","link":"https:\/\/victoria.gob.ar\/es\/hoy-disfruta-la-musica-en-vivo-%f0%9f%8e%b6\/","title":{"rendered":"\u00a1HOY DISFRUT\u00c1 LA M\u00daSICA EN VIVO! &#x1f3b6;"},"content":{"rendered":"<p>La Muestra Anual de la Escuela Municipal de M\u00fasica llega al Cine Teatro Victoria y vos pod\u00e9s disfrutarla est\u00e9s donde est\u00e9s.<\/p>\n<p><img decoding=\"async\" src=\"https:\/\/s.w.org\/images\/core\/emoji\/16.0.1\/72x72\/1f4e1.png\" alt=\"&#x1f4e1;\" class=\"wp-smiley\" \/> Transmitimos en vivo por la p\u00e1gina de Facebook de la Municipalidad de Victoria<br \/><img decoding=\"async\" src=\"https:\/\/s.w.org\/images\/core\/emoji\/16.0.1\/72x72\/1f449-1f3fc.png\" alt=\"&#x1f449;&#x1f3fc;\" class=\"wp-smiley\" \/> facebook.com\/victoria.gob.ar<\/p>\n<p><img decoding=\"async\" src=\"https:\/\/s.w.org\/images\/core\/emoji\/16.0.1\/72x72\/1f557.png\" alt=\"&#x1f557;\" class=\"wp-smiley\" \/> Desde las 20:00 h<br \/><img decoding=\"async\" src=\"https:\/\/s.w.org\/images\/core\/emoji\/16.0.1\/72x72\/1f4cd.png\" alt=\"&#x1f4cd;\" class=\"wp-smiley\" \/> Alem 64 \u2014 Entrada libre y gratuita<\/p>\n<p>Sumate a Haciendo M\u00fasica 2025, un espect\u00e1culo lleno de talento, pasi\u00f3n y orgullo victoriense.<\/p>\n<p>\u00a1No te lo pierdas! <img decoding=\"async\" src=\"https:\/\/s.w.org\/images\/core\/emoji\/16.0.1\/72x72\/1f3bc.png\" alt=\"&#x1f3bc;\" class=\"wp-smiley\" \/><img decoding=\"async\" src=\"https:\/\/s.w.org\/images\/core\/emoji\/16.0.1\/72x72\/2728.png\" alt=\"&#x2728;\" class=\"wp-smiley\" \/><\/p>\n<figure class=\"wp-block-image size-large\"><img loading=\"lazy\" decoding=\"async\" width=\"819\" height=\"1024\" src=\"https:\/\/victoria.gob.ar\/prensa\/wp-content\/uploads\/2025\/11\/WhatsApp-Image-2025-11-19-at-14.37.04-819x1024.jpeg\" alt=\"\" class=\"wp-image-2240\" \/><\/figure>","protected":false},"excerpt":{"rendered":"<p>La Muestra Anual de la Escuela Municipal de M\u00fasica llega al Cine Teatro Victoria y vos pod\u00e9s disfrutarla est\u00e9s donde est\u00e9s. Transmitimos en vivo por la p\u00e1gina de Facebook de la Municipalidad de Victoria facebook.com\/victoria.gob.ar Desde las 20:00 h Alem 64 \u2014 Entrada libre y gratuita Sumate a Haciendo M\u00fasica 2025, un espect\u00e1culo lleno de&hellip;&nbsp;<a href=\"https:\/\/victoria.gob.ar\/es\/hoy-disfruta-la-musica-en-vivo-%f0%9f%8e%b6\/\" rel=\"bookmark\"><span class=\"screen-reader-text\">\u00a1HOY DISFRUT\u00c1 LA M\u00daSICA EN VIVO! &#x1f3b6;<\/span><\/a><\/p>\n","protected":false},"author":2,"featured_media":3312,"comment_status":"open","ping_status":"open","sticky":false,"template":"","format":"standard","meta":{"neve_meta_sidebar":"","neve_meta_container":"","neve_meta_enable_content_width":"","neve_meta_content_width":0,"neve_meta_title_alignment":"","neve_meta_author_avatar":"","neve_post_elements_order":"","neve_meta_disable_header":"","neve_meta_disable_footer":"","neve_meta_disable_title":"","footnotes":""},"categories":[1],"tags":[],"class_list":["post-3311","post","type-post","status-publish","format-standard","has-post-thumbnail","hentry","category-sin-categoria"],"_links":{"self":[{"href":"https:\/\/victoria.gob.ar\/es\/wp-json\/wp\/v2\/posts\/3311","targetHints":{"allow":["GET"]}}],"collection":[{"href":"https:\/\/victoria.gob.ar\/es\/wp-json\/wp\/v2\/posts"}],"about":[{"href":"https:\/\/victoria.gob.ar\/es\/wp-json\/wp\/v2\/types\/post"}],"author":[{"embeddable":true,"href":"https:\/\/victoria.gob.ar\/es\/wp-json\/wp\/v2\/users\/2"}],"replies":[{"embeddable":true,"href":"https:\/\/victoria.gob.ar\/es\/wp-json\/wp\/v2\/comments?post=3311"}],"version-history":[{"count":0,"href":"https:\/\/victoria.gob.ar\/es\/wp-json\/wp\/v2\/posts\/3311\/revisions"}],"wp:featuredmedia":[{"embeddable":true,"href":"https:\/\/victoria.gob.ar\/es\/wp-json\/wp\/v2\/media\/3312"}],"wp:attachment":[{"href":"https:\/\/victoria.gob.ar\/es\/wp-json\/wp\/v2\/media?parent=3311"}],"wp:term":[{"taxonomy":"category","embeddable":true,"href":"https:\/\/victoria.gob.ar\/es\/wp-json\/wp\/v2\/categories?post=3311"},{"taxonomy":"post_tag","embeddable":true,"href":"https:\/\/victoria.gob.ar\/es\/wp-json\/wp\/v2\/tags?post=3311"}],"curies":[{"name":"wp","href":"https:\/\/api.w.org\/{rel}","templated":true}]}}