{"id":3299,"date":"2025-11-17T14:48:18","date_gmt":"2025-11-17T14:48:18","guid":{"rendered":"https:\/\/victoria.gob.ar\/es\/este-sabado-el-caps-bicentenario-abre-sus-puertas\/"},"modified":"2025-11-17T14:48:18","modified_gmt":"2025-11-17T14:48:18","slug":"este-sabado-el-caps-bicentenario-abre-sus-puertas","status":"publish","type":"post","link":"https:\/\/victoria.gob.ar\/es\/este-sabado-el-caps-bicentenario-abre-sus-puertas\/","title":{"rendered":"ESTE S\u00c1BADO EL CAPS BICENTENARIO ABRE SUS PUERTAS"},"content":{"rendered":"<ul class=\"wp-block-list\">\n<li>Control de carnet de vacunaci\u00f3n.<\/li>\n<li>Aplicaci\u00f3n de vacunas del calendario nacional.<\/li>\n<\/ul>\n<p><img decoding=\"async\" src=\"https:\/\/s.w.org\/images\/core\/emoji\/16.0.1\/72x72\/1f4c5.png\" alt=\"&#x1f4c5;\" class=\"wp-smiley\"\/> S\u00e1bado 22<br \/><img decoding=\"async\" src=\"https:\/\/s.w.org\/images\/core\/emoji\/16.0.1\/72x72\/231a.png\" alt=\"&#x231a;\" class=\"wp-smiley\"\/> De 16:00 a 18:30 h<br \/><img decoding=\"async\" src=\"https:\/\/s.w.org\/images\/core\/emoji\/16.0.1\/72x72\/1f4cd.png\" alt=\"&#x1f4cd;\" class=\"wp-smiley\"\/> C. Reggiardo y Prefectura Naval, Quinto Cuartel<\/p>\n<p><img decoding=\"async\" src=\"https:\/\/s.w.org\/images\/core\/emoji\/16.0.1\/72x72\/2139.png\" alt=\"&#x2139;\" class=\"wp-smiley\"\/> Acercate con tu DNI y el carnet de vacunas para mantener al d\u00eda la protecci\u00f3n de toda la familia.<\/p>\n<figure class=\"wp-block-image size-large\"><img loading=\"lazy\" decoding=\"async\" width=\"819\" height=\"1024\" src=\"https:\/\/victoria.gob.ar\/prensa\/wp-content\/uploads\/2025\/11\/WhatsApp-Image-2025-11-17-at-10.45.04-819x1024.jpeg\" alt=\"\" class=\"wp-image-2211\"\/><\/figure>","protected":false},"excerpt":{"rendered":"<p>Control de carnet de vacunaci\u00f3n. Aplicaci\u00f3n de vacunas del calendario nacional. S\u00e1bado 22 De 16:00 a 18:30 h C. Reggiardo y Prefectura Naval, Quinto Cuartel Acercate con tu DNI y el carnet de vacunas para mantener al d\u00eda la protecci\u00f3n de toda la familia.<\/p>\n","protected":false},"author":2,"featured_media":3300,"comment_status":"open","ping_status":"open","sticky":false,"template":"","format":"standard","meta":{"neve_meta_sidebar":"","neve_meta_container":"","neve_meta_enable_content_width":"","neve_meta_content_width":0,"neve_meta_title_alignment":"","neve_meta_author_avatar":"","neve_post_elements_order":"","neve_meta_disable_header":"","neve_meta_disable_footer":"","neve_meta_disable_title":"","footnotes":""},"categories":[1],"tags":[],"class_list":["post-3299","post","type-post","status-publish","format-standard","has-post-thumbnail","hentry","category-sin-categoria"],"_links":{"self":[{"href":"https:\/\/victoria.gob.ar\/es\/wp-json\/wp\/v2\/posts\/3299","targetHints":{"allow":["GET"]}}],"collection":[{"href":"https:\/\/victoria.gob.ar\/es\/wp-json\/wp\/v2\/posts"}],"about":[{"href":"https:\/\/victoria.gob.ar\/es\/wp-json\/wp\/v2\/types\/post"}],"author":[{"embeddable":true,"href":"https:\/\/victoria.gob.ar\/es\/wp-json\/wp\/v2\/users\/2"}],"replies":[{"embeddable":true,"href":"https:\/\/victoria.gob.ar\/es\/wp-json\/wp\/v2\/comments?post=3299"}],"version-history":[{"count":0,"href":"https:\/\/victoria.gob.ar\/es\/wp-json\/wp\/v2\/posts\/3299\/revisions"}],"wp:featuredmedia":[{"embeddable":true,"href":"https:\/\/victoria.gob.ar\/es\/wp-json\/wp\/v2\/media\/3300"}],"wp:attachment":[{"href":"https:\/\/victoria.gob.ar\/es\/wp-json\/wp\/v2\/media?parent=3299"}],"wp:term":[{"taxonomy":"category","embeddable":true,"href":"https:\/\/victoria.gob.ar\/es\/wp-json\/wp\/v2\/categories?post=3299"},{"taxonomy":"post_tag","embeddable":true,"href":"https:\/\/victoria.gob.ar\/es\/wp-json\/wp\/v2\/tags?post=3299"}],"curies":[{"name":"wp","href":"https:\/\/api.w.org\/{rel}","templated":true}]}}