{"id":3273,"date":"2025-10-31T13:19:49","date_gmt":"2025-10-31T13:19:49","guid":{"rendered":"http:\/\/victoria.gob.ar\/es\/que-sana-el-arte-2\/"},"modified":"2025-10-31T13:19:49","modified_gmt":"2025-10-31T13:19:49","slug":"que-sana-el-arte-2","status":"publish","type":"post","link":"https:\/\/victoria.gob.ar\/es\/que-sana-el-arte-2\/","title":{"rendered":"\u00bfQU\u00c9 SANA EL ARTE?"},"content":{"rendered":"<p>Hoy invitamos a la comunidad, en el Museo Carlos Anad\u00f3n (Congreso 593), con entrada libre y gratuita, a pensar la salud mental no s\u00f3lo como una responsabilidad individual, sino tambi\u00e9n como una tarea de todos. Nos reunimos para hablar de algo que nos atraviesa como individuos y como sociedad: la salud mental comunitaria. Un tema que, por mucho tiempo, fue silenciado o relegado, pero que hoy sabemos que es esencial para construir comunidades m\u00e1s justas, solidarias y humanas.<\/p>\n<p>Desde el \u00c1rea de Salud Mental Comunitaria de la Municipalidad de Victoria se enfatiz\u00f3 que hablar de salud mental no es solo hablar de diagn\u00f3sticos o tratamientos, es hablar de c\u00f3mo vivimos, c\u00f3mo nos relacionamos, c\u00f3mo nos cuidamos unos a otros. La salud mental no se construye en soledad; se teje en los v\u00ednculos, en la empat\u00eda, en los espacios donde podemos ser escuchados sin juicio. Por eso, decimos que la salud mental es un asunto comunitario.<\/p>\n<p>En este camino, el arte tiene un papel fundamental. El arte (en todas sus formas: la pintura, la m\u00fasica, el teatro, la danza, la escritura) es una v\u00eda para expresar lo que a veces las palabras no alcanzan a decir. A trav\u00e9s del arte, las personas pueden transformar el dolor en creaci\u00f3n, la angustia en movimiento, el silencio en color.<\/p>\n<p>En los talleres comunitarios, en las escuelas, en los centros culturales, vemos c\u00f3mo el arte se convierte en un puente: une a quienes antes estaban aislados, despierta la sensibilidad, promueve la escucha y la cooperaci\u00f3n. El arte nos recuerda que todos tenemos algo para ofrecer, algo que comunicar, algo que sanar.<\/p>\n<p>Cuando una comunidad incorpora el arte como parte de su cuidado colectivo, est\u00e1 construyendo espacios de salud mental preventiva. Est\u00e1 diciendo: \u201cAc\u00e1 hay lugar para sentir, para crear, para compartir\u201d. Esto, en un mundo que a veces nos empuja al aislamiento y a la competencia, es un acto profundamente sanador y revolucionario.<\/p>\n<figure class=\"wp-block-gallery has-nested-images columns-default is-cropped wp-block-gallery-2 is-layout-flex wp-block-gallery-is-layout-flex\">\n<figure class=\"wp-block-image size-large\"><img decoding=\"async\" loading=\"lazy\" width=\"1024\" height=\"682\" data-id=\"2095\" src=\"https:\/\/victoria.gob.ar\/prensa\/wp-content\/uploads\/2025\/11\/WhatsApp-Image-2025-10-31-at-22.20.16-1-1024x682.jpeg\" alt=\"\" class=\"wp-image-2095\" \/><\/figure>\n<figure class=\"wp-block-image size-large\"><img decoding=\"async\" loading=\"lazy\" width=\"1024\" height=\"682\" data-id=\"2100\" src=\"https:\/\/victoria.gob.ar\/prensa\/wp-content\/uploads\/2025\/11\/WhatsApp-Image-2025-10-31-at-22.20.16-1024x682.jpeg\" alt=\"\" class=\"wp-image-2100\" \/><\/figure>\n<figure class=\"wp-block-image size-large\"><img decoding=\"async\" loading=\"lazy\" width=\"1024\" height=\"682\" data-id=\"2098\" src=\"https:\/\/victoria.gob.ar\/prensa\/wp-content\/uploads\/2025\/11\/WhatsApp-Image-2025-10-31-at-22.20.15-2-1024x682.jpeg\" alt=\"\" class=\"wp-image-2098\" \/><\/figure>\n<figure class=\"wp-block-image size-large\"><img decoding=\"async\" loading=\"lazy\" width=\"1024\" height=\"682\" data-id=\"2097\" src=\"https:\/\/victoria.gob.ar\/prensa\/wp-content\/uploads\/2025\/11\/WhatsApp-Image-2025-10-31-at-22.20.15-1-1024x682.jpeg\" alt=\"\" class=\"wp-image-2097\" \/><\/figure>\n<figure class=\"wp-block-image size-large\"><img decoding=\"async\" loading=\"lazy\" width=\"1024\" height=\"682\" data-id=\"2096\" src=\"https:\/\/victoria.gob.ar\/prensa\/wp-content\/uploads\/2025\/11\/WhatsApp-Image-2025-10-31-at-22.20.15-1024x682.jpeg\" alt=\"\" class=\"wp-image-2096\" \/><\/figure>\n<figure class=\"wp-block-image size-large\"><img decoding=\"async\" loading=\"lazy\" width=\"1024\" height=\"682\" data-id=\"2094\" src=\"https:\/\/victoria.gob.ar\/prensa\/wp-content\/uploads\/2025\/11\/WhatsApp-Image-2025-10-31-at-22.20.14-1-1024x682.jpeg\" alt=\"\" class=\"wp-image-2094\" \/><\/figure>\n<figure class=\"wp-block-image size-large\"><img decoding=\"async\" loading=\"lazy\" width=\"1024\" height=\"682\" data-id=\"2099\" src=\"https:\/\/victoria.gob.ar\/prensa\/wp-content\/uploads\/2025\/11\/WhatsApp-Image-2025-10-31-at-22.20.14-1024x682.jpeg\" alt=\"\" class=\"wp-image-2099\" \/><\/figure>\n<\/figure>","protected":false},"excerpt":{"rendered":"<p>Hoy invitamos a la comunidad, en el Museo Carlos Anad\u00f3n (Congreso 593), con entrada libre y gratuita, a pensar la salud mental no s\u00f3lo como una responsabilidad individual, sino tambi\u00e9n como una tarea de todos. Nos reunimos para hablar de algo que nos atraviesa como individuos y como sociedad: la salud mental comunitaria. Un tema&hellip;&nbsp;<a href=\"https:\/\/victoria.gob.ar\/es\/que-sana-el-arte-2\/\" rel=\"bookmark\"><span class=\"screen-reader-text\">\u00bfQU\u00c9 SANA EL ARTE?<\/span><\/a><\/p>\n","protected":false},"author":2,"featured_media":3229,"comment_status":"open","ping_status":"open","sticky":false,"template":"","format":"standard","meta":{"neve_meta_sidebar":"","neve_meta_container":"","neve_meta_enable_content_width":"","neve_meta_content_width":0,"neve_meta_title_alignment":"","neve_meta_author_avatar":"","neve_post_elements_order":"","neve_meta_disable_header":"","neve_meta_disable_footer":"","neve_meta_disable_title":"","footnotes":""},"categories":[1],"tags":[],"class_list":["post-3273","post","type-post","status-publish","format-standard","has-post-thumbnail","hentry","category-sin-categoria"],"_links":{"self":[{"href":"https:\/\/victoria.gob.ar\/es\/wp-json\/wp\/v2\/posts\/3273","targetHints":{"allow":["GET"]}}],"collection":[{"href":"https:\/\/victoria.gob.ar\/es\/wp-json\/wp\/v2\/posts"}],"about":[{"href":"https:\/\/victoria.gob.ar\/es\/wp-json\/wp\/v2\/types\/post"}],"author":[{"embeddable":true,"href":"https:\/\/victoria.gob.ar\/es\/wp-json\/wp\/v2\/users\/2"}],"replies":[{"embeddable":true,"href":"https:\/\/victoria.gob.ar\/es\/wp-json\/wp\/v2\/comments?post=3273"}],"version-history":[{"count":0,"href":"https:\/\/victoria.gob.ar\/es\/wp-json\/wp\/v2\/posts\/3273\/revisions"}],"wp:featuredmedia":[{"embeddable":true,"href":"https:\/\/victoria.gob.ar\/es\/wp-json\/wp\/v2\/media\/3229"}],"wp:attachment":[{"href":"https:\/\/victoria.gob.ar\/es\/wp-json\/wp\/v2\/media?parent=3273"}],"wp:term":[{"taxonomy":"category","embeddable":true,"href":"https:\/\/victoria.gob.ar\/es\/wp-json\/wp\/v2\/categories?post=3273"},{"taxonomy":"post_tag","embeddable":true,"href":"https:\/\/victoria.gob.ar\/es\/wp-json\/wp\/v2\/tags?post=3273"}],"curies":[{"name":"wp","href":"https:\/\/api.w.org\/{rel}","templated":true}]}}