{"id":3251,"date":"2025-10-30T15:28:37","date_gmt":"2025-10-30T15:28:37","guid":{"rendered":"http:\/\/victoria.gob.ar\/es\/ernestina-otegui-nos-representara-en-la-fiesta-provincial-del-estudiante-%f0%9f%91%91\/"},"modified":"2025-10-30T15:28:37","modified_gmt":"2025-10-30T15:28:37","slug":"ernestina-otegui-nos-representara-en-la-fiesta-provincial-del-estudiante-%f0%9f%91%91","status":"publish","type":"post","link":"https:\/\/victoria.gob.ar\/es\/ernestina-otegui-nos-representara-en-la-fiesta-provincial-del-estudiante-%f0%9f%91%91\/","title":{"rendered":"ERNESTINA OTEGUI NOS REPRESENTAR\u00c1 EN LA FIESTA PROVINCIAL DEL ESTUDIANTE &#x1f451;"},"content":{"rendered":"<p>Nuestra reina de los estudiantes, elegida durante el Festival de la Juventud 2025, Ernestina Otegui, representar\u00e1 a Victoria en la 56\u00aa Edici\u00f3n de la Fiesta Provincial del Estudiante Secundario, que se realizar\u00e1 el s\u00e1bado 1 de noviembre en Villaguay.<\/p>\n<p>Desde la Municipalidad de Victoria acompa\u00f1amos con orgullo a Ernes y le deseamos el mayor de los \u00e9xitos en esta experiencia.<\/p>\n<figure class=\"wp-block-gallery has-nested-images columns-default is-cropped wp-block-gallery-1 is-layout-flex wp-block-gallery-is-layout-flex\">\n<figure class=\"wp-block-image size-large\"><img loading=\"lazy\" decoding=\"async\" width=\"684\" height=\"1024\" data-id=\"2054\" src=\"https:\/\/victoria.gob.ar\/prensa\/wp-content\/uploads\/2025\/10\/WhatsApp-Image-2025-10-29-at-11.27.54-684x1024.jpeg\" alt=\"\" class=\"wp-image-2054\" \/><\/figure>\n<figure class=\"wp-block-image size-large\"><img loading=\"lazy\" decoding=\"async\" width=\"684\" height=\"1024\" data-id=\"2056\" src=\"https:\/\/victoria.gob.ar\/prensa\/wp-content\/uploads\/2025\/10\/WhatsApp-Image-2025-10-29-at-11.27.53-1-684x1024.jpeg\" alt=\"\" class=\"wp-image-2056\" \/><\/figure>\n<figure class=\"wp-block-image size-large\"><img decoding=\"async\" loading=\"lazy\" width=\"684\" height=\"1024\" data-id=\"2055\" src=\"https:\/\/victoria.gob.ar\/prensa\/wp-content\/uploads\/2025\/10\/WhatsApp-Image-2025-10-29-at-11.27.53-684x1024.jpeg\" alt=\"\" class=\"wp-image-2055\" \/><\/figure>\n<\/figure>","protected":false},"excerpt":{"rendered":"<p>Nuestra reina de los estudiantes, elegida durante el Festival de la Juventud 2025, Ernestina Otegui, representar\u00e1 a Victoria en la 56\u00aa Edici\u00f3n de la Fiesta Provincial del Estudiante Secundario, que se realizar\u00e1 el s\u00e1bado 1 de noviembre en Villaguay. Desde la Municipalidad de Victoria acompa\u00f1amos con orgullo a Ernes y le deseamos el mayor de&hellip;&nbsp;<a href=\"https:\/\/victoria.gob.ar\/es\/ernestina-otegui-nos-representara-en-la-fiesta-provincial-del-estudiante-%f0%9f%91%91\/\" rel=\"bookmark\"><span class=\"screen-reader-text\">ERNESTINA OTEGUI NOS REPRESENTAR\u00c1 EN LA FIESTA PROVINCIAL DEL ESTUDIANTE &#x1f451;<\/span><\/a><\/p>\n","protected":false},"author":2,"featured_media":3252,"comment_status":"open","ping_status":"open","sticky":false,"template":"","format":"standard","meta":{"neve_meta_sidebar":"","neve_meta_container":"","neve_meta_enable_content_width":"","neve_meta_content_width":0,"neve_meta_title_alignment":"","neve_meta_author_avatar":"","neve_post_elements_order":"","neve_meta_disable_header":"","neve_meta_disable_footer":"","neve_meta_disable_title":"","footnotes":""},"categories":[1],"tags":[],"class_list":["post-3251","post","type-post","status-publish","format-standard","has-post-thumbnail","hentry","category-sin-categoria"],"_links":{"self":[{"href":"https:\/\/victoria.gob.ar\/es\/wp-json\/wp\/v2\/posts\/3251","targetHints":{"allow":["GET"]}}],"collection":[{"href":"https:\/\/victoria.gob.ar\/es\/wp-json\/wp\/v2\/posts"}],"about":[{"href":"https:\/\/victoria.gob.ar\/es\/wp-json\/wp\/v2\/types\/post"}],"author":[{"embeddable":true,"href":"https:\/\/victoria.gob.ar\/es\/wp-json\/wp\/v2\/users\/2"}],"replies":[{"embeddable":true,"href":"https:\/\/victoria.gob.ar\/es\/wp-json\/wp\/v2\/comments?post=3251"}],"version-history":[{"count":0,"href":"https:\/\/victoria.gob.ar\/es\/wp-json\/wp\/v2\/posts\/3251\/revisions"}],"wp:featuredmedia":[{"embeddable":true,"href":"https:\/\/victoria.gob.ar\/es\/wp-json\/wp\/v2\/media\/3252"}],"wp:attachment":[{"href":"https:\/\/victoria.gob.ar\/es\/wp-json\/wp\/v2\/media?parent=3251"}],"wp:term":[{"taxonomy":"category","embeddable":true,"href":"https:\/\/victoria.gob.ar\/es\/wp-json\/wp\/v2\/categories?post=3251"},{"taxonomy":"post_tag","embeddable":true,"href":"https:\/\/victoria.gob.ar\/es\/wp-json\/wp\/v2\/tags?post=3251"}],"curies":[{"name":"wp","href":"https:\/\/api.w.org\/{rel}","templated":true}]}}