{"id":3243,"date":"2025-10-29T03:07:02","date_gmt":"2025-10-29T03:07:02","guid":{"rendered":"http:\/\/victoria.gob.ar\/es\/durante-manana-el-tum-funcionara-con-linea-unica-por-reparacion-de-una-de-sus-unidades\/"},"modified":"2025-10-29T03:07:02","modified_gmt":"2025-10-29T03:07:02","slug":"durante-manana-el-tum-funcionara-con-linea-unica-por-reparacion-de-una-de-sus-unidades","status":"publish","type":"post","link":"https:\/\/victoria.gob.ar\/es\/durante-manana-el-tum-funcionara-con-linea-unica-por-reparacion-de-una-de-sus-unidades\/","title":{"rendered":"DURANTE MA\u00d1ANA EL TUM FUNCIONAR\u00c1 CON L\u00cdNEA \u00daNICA POR REPARACI\u00d3N DE UNA DE SUS UNIDADES"},"content":{"rendered":"<p>La Municipalidad de Victoria informa que durante ma\u00f1ana, mi\u00e9rcoles 29 de octubre, el Transporte Urbano Municipal (TUM) funcionar\u00e1 con una sola l\u00ednea (Azul), debido a que una de las unidades se encuentra en proceso de reparaci\u00f3n.<\/p>\n<p>El servicio volver\u00e1 a sus dos l\u00edneas habituales una vez finalizadas las tareas t\u00e9cnicas, lo cual ser\u00e1 informado oportunamente.<\/p>\n<p>Agradecemos la comprensi\u00f3n de los usuarios.<\/p>\n<figure class=\"wp-block-gallery has-nested-images columns-default is-cropped wp-block-gallery-1 is-layout-flex wp-block-gallery-is-layout-flex\">\n<figure class=\"wp-block-image size-large\"><img loading=\"lazy\" decoding=\"async\" width=\"819\" height=\"1024\" data-id=\"2044\" src=\"https:\/\/victoria.gob.ar\/prensa\/wp-content\/uploads\/2025\/10\/1001414791-819x1024.jpg\" alt=\"\" class=\"wp-image-2044\" \/><\/figure>\n<figure class=\"wp-block-image size-large\"><img loading=\"lazy\" decoding=\"async\" width=\"819\" height=\"1024\" data-id=\"2045\" src=\"https:\/\/victoria.gob.ar\/prensa\/wp-content\/uploads\/2025\/10\/1001414793-819x1024.jpg\" alt=\"\" class=\"wp-image-2045\" \/><\/figure>\n<figure class=\"wp-block-image size-large\"><img loading=\"lazy\" decoding=\"async\" width=\"819\" height=\"1024\" data-id=\"2046\" src=\"https:\/\/victoria.gob.ar\/prensa\/wp-content\/uploads\/2025\/10\/1001414792-819x1024.jpg\" alt=\"\" class=\"wp-image-2046\" \/><\/figure>\n<\/figure>","protected":false},"excerpt":{"rendered":"<p>La Municipalidad de Victoria informa que durante ma\u00f1ana, mi\u00e9rcoles 29 de octubre, el Transporte Urbano Municipal (TUM) funcionar\u00e1 con una sola l\u00ednea (Azul), debido a que una de las unidades se encuentra en proceso de reparaci\u00f3n. El servicio volver\u00e1 a sus dos l\u00edneas habituales una vez finalizadas las tareas t\u00e9cnicas, lo cual ser\u00e1 informado oportunamente.&hellip;&nbsp;<a href=\"https:\/\/victoria.gob.ar\/es\/durante-manana-el-tum-funcionara-con-linea-unica-por-reparacion-de-una-de-sus-unidades\/\" rel=\"bookmark\"><span class=\"screen-reader-text\">DURANTE MA\u00d1ANA EL TUM FUNCIONAR\u00c1 CON L\u00cdNEA \u00daNICA POR REPARACI\u00d3N DE UNA DE SUS UNIDADES<\/span><\/a><\/p>\n","protected":false},"author":2,"featured_media":3244,"comment_status":"open","ping_status":"open","sticky":false,"template":"","format":"standard","meta":{"neve_meta_sidebar":"","neve_meta_container":"","neve_meta_enable_content_width":"","neve_meta_content_width":0,"neve_meta_title_alignment":"","neve_meta_author_avatar":"","neve_post_elements_order":"","neve_meta_disable_header":"","neve_meta_disable_footer":"","neve_meta_disable_title":"","footnotes":""},"categories":[1],"tags":[],"class_list":["post-3243","post","type-post","status-publish","format-standard","has-post-thumbnail","hentry","category-sin-categoria"],"_links":{"self":[{"href":"https:\/\/victoria.gob.ar\/es\/wp-json\/wp\/v2\/posts\/3243","targetHints":{"allow":["GET"]}}],"collection":[{"href":"https:\/\/victoria.gob.ar\/es\/wp-json\/wp\/v2\/posts"}],"about":[{"href":"https:\/\/victoria.gob.ar\/es\/wp-json\/wp\/v2\/types\/post"}],"author":[{"embeddable":true,"href":"https:\/\/victoria.gob.ar\/es\/wp-json\/wp\/v2\/users\/2"}],"replies":[{"embeddable":true,"href":"https:\/\/victoria.gob.ar\/es\/wp-json\/wp\/v2\/comments?post=3243"}],"version-history":[{"count":0,"href":"https:\/\/victoria.gob.ar\/es\/wp-json\/wp\/v2\/posts\/3243\/revisions"}],"wp:featuredmedia":[{"embeddable":true,"href":"https:\/\/victoria.gob.ar\/es\/wp-json\/wp\/v2\/media\/3244"}],"wp:attachment":[{"href":"https:\/\/victoria.gob.ar\/es\/wp-json\/wp\/v2\/media?parent=3243"}],"wp:term":[{"taxonomy":"category","embeddable":true,"href":"https:\/\/victoria.gob.ar\/es\/wp-json\/wp\/v2\/categories?post=3243"},{"taxonomy":"post_tag","embeddable":true,"href":"https:\/\/victoria.gob.ar\/es\/wp-json\/wp\/v2\/tags?post=3243"}],"curies":[{"name":"wp","href":"https:\/\/api.w.org\/{rel}","templated":true}]}}