{"id":3224,"date":"2025-10-28T12:54:05","date_gmt":"2025-10-28T12:54:05","guid":{"rendered":"https:\/\/victoria.gob.ar\/es\/se-restablece-el-servicio-de-agua-potable\/"},"modified":"2025-10-28T12:54:05","modified_gmt":"2025-10-28T12:54:05","slug":"se-restablece-el-servicio-de-agua-potable","status":"publish","type":"post","link":"https:\/\/victoria.gob.ar\/es\/se-restablece-el-servicio-de-agua-potable\/","title":{"rendered":"SE RESTABLECE EL SERVICIO DE AGUA POTABLE"},"content":{"rendered":"<p>Tras finalizar con \u00e9xito la reparaci\u00f3n de un ca\u00f1o principal ubicado en Per\u00f3n y Camoirano, el servicio de agua potable se est\u00e1 restableciendo progresivamente en la ciudad.<\/p>\n<p>Agradecemos a los vecinos por su paciencia y comprensi\u00f3n ante esta importante reparaci\u00f3n.<\/p>\n<figure class=\"wp-block-gallery has-nested-images columns-default is-cropped wp-block-gallery-1 is-layout-flex wp-block-gallery-is-layout-flex\">\n<figure class=\"wp-block-image size-large\"><img loading=\"lazy\" decoding=\"async\" width=\"1024\" height=\"682\" data-id=\"2030\" src=\"https:\/\/victoria.gob.ar\/prensa\/wp-content\/uploads\/2025\/10\/WhatsApp-Image-2025-10-28-at-09.50.46-1-1024x682.jpeg\" alt=\"\" class=\"wp-image-2030\"\/><\/figure>\n<figure class=\"wp-block-image size-large\"><img loading=\"lazy\" decoding=\"async\" width=\"1024\" height=\"682\" data-id=\"2029\" src=\"https:\/\/victoria.gob.ar\/prensa\/wp-content\/uploads\/2025\/10\/WhatsApp-Image-2025-10-28-at-09.50.46-1024x682.jpeg\" alt=\"\" class=\"wp-image-2029\"\/><\/figure>\n<figure class=\"wp-block-image size-large\"><img loading=\"lazy\" decoding=\"async\" width=\"1024\" height=\"682\" data-id=\"2032\" src=\"https:\/\/victoria.gob.ar\/prensa\/wp-content\/uploads\/2025\/10\/WhatsApp-Image-2025-10-28-at-09.50.45-1-1024x682.jpeg\" alt=\"\" class=\"wp-image-2032\"\/><\/figure>\n<figure class=\"wp-block-image size-large\"><img decoding=\"async\" loading=\"lazy\" width=\"1024\" height=\"682\" data-id=\"2031\" src=\"https:\/\/victoria.gob.ar\/prensa\/wp-content\/uploads\/2025\/10\/WhatsApp-Image-2025-10-28-at-09.50.45-1024x682.jpeg\" alt=\"\" class=\"wp-image-2031\"\/><\/figure>\n<figure class=\"wp-block-image size-large\"><img decoding=\"async\" loading=\"lazy\" width=\"1024\" height=\"682\" data-id=\"2034\" src=\"https:\/\/victoria.gob.ar\/prensa\/wp-content\/uploads\/2025\/10\/WhatsApp-Image-2025-10-28-at-09.50.44-1-1024x682.jpeg\" alt=\"\" class=\"wp-image-2034\"\/><\/figure>\n<figure class=\"wp-block-image size-large\"><img decoding=\"async\" loading=\"lazy\" width=\"1024\" height=\"682\" data-id=\"2033\" src=\"https:\/\/victoria.gob.ar\/prensa\/wp-content\/uploads\/2025\/10\/WhatsApp-Image-2025-10-28-at-09.50.44-1024x682.jpeg\" alt=\"\" class=\"wp-image-2033\"\/><\/figure>\n<\/figure>","protected":false},"excerpt":{"rendered":"<p>Tras finalizar con \u00e9xito la reparaci\u00f3n de un ca\u00f1o principal ubicado en Per\u00f3n y Camoirano, el servicio de agua potable se est\u00e1 restableciendo progresivamente en la ciudad. Agradecemos a los vecinos por su paciencia y comprensi\u00f3n ante esta importante reparaci\u00f3n.<\/p>\n","protected":false},"author":2,"featured_media":3225,"comment_status":"open","ping_status":"open","sticky":false,"template":"","format":"standard","meta":{"neve_meta_sidebar":"","neve_meta_container":"","neve_meta_enable_content_width":"","neve_meta_content_width":0,"neve_meta_title_alignment":"","neve_meta_author_avatar":"","neve_post_elements_order":"","neve_meta_disable_header":"","neve_meta_disable_footer":"","neve_meta_disable_title":"","footnotes":""},"categories":[1],"tags":[],"class_list":["post-3224","post","type-post","status-publish","format-standard","has-post-thumbnail","hentry","category-sin-categoria"],"_links":{"self":[{"href":"https:\/\/victoria.gob.ar\/es\/wp-json\/wp\/v2\/posts\/3224","targetHints":{"allow":["GET"]}}],"collection":[{"href":"https:\/\/victoria.gob.ar\/es\/wp-json\/wp\/v2\/posts"}],"about":[{"href":"https:\/\/victoria.gob.ar\/es\/wp-json\/wp\/v2\/types\/post"}],"author":[{"embeddable":true,"href":"https:\/\/victoria.gob.ar\/es\/wp-json\/wp\/v2\/users\/2"}],"replies":[{"embeddable":true,"href":"https:\/\/victoria.gob.ar\/es\/wp-json\/wp\/v2\/comments?post=3224"}],"version-history":[{"count":0,"href":"https:\/\/victoria.gob.ar\/es\/wp-json\/wp\/v2\/posts\/3224\/revisions"}],"wp:featuredmedia":[{"embeddable":true,"href":"https:\/\/victoria.gob.ar\/es\/wp-json\/wp\/v2\/media\/3225"}],"wp:attachment":[{"href":"https:\/\/victoria.gob.ar\/es\/wp-json\/wp\/v2\/media?parent=3224"}],"wp:term":[{"taxonomy":"category","embeddable":true,"href":"https:\/\/victoria.gob.ar\/es\/wp-json\/wp\/v2\/categories?post=3224"},{"taxonomy":"post_tag","embeddable":true,"href":"https:\/\/victoria.gob.ar\/es\/wp-json\/wp\/v2\/tags?post=3224"}],"curies":[{"name":"wp","href":"https:\/\/api.w.org\/{rel}","templated":true}]}}