{"id":3202,"date":"2025-10-18T13:49:17","date_gmt":"2025-10-18T13:49:17","guid":{"rendered":"http:\/\/victoria.gob.ar\/es\/una-jornada-de-inclusion-alegria-y-expresion-en-victoria\/"},"modified":"2025-10-18T13:49:17","modified_gmt":"2025-10-18T13:49:17","slug":"una-jornada-de-inclusion-alegria-y-expresion-en-victoria","status":"publish","type":"post","link":"https:\/\/victoria.gob.ar\/es\/una-jornada-de-inclusion-alegria-y-expresion-en-victoria\/","title":{"rendered":"UNA JORNADA DE INCLUSI\u00d3N, ALEGR\u00cdA Y EXPRESI\u00d3N EN VICTORIA"},"content":{"rendered":"<p>La Municipalidad de Victoria, desde el \u00c1rea de Discapacidad y la Coordinaci\u00f3n de Deportes, junto con la Escuela Integral Nro. 4 DINAD, llev\u00f3 adelante el Segundo Encuentro Deportivo \u201cDiversidad sin l\u00edmites\u201d en el predio de la Vieja Estaci\u00f3n.<\/p>\n<p>Fue un d\u00eda lleno de energ\u00eda y compa\u00f1erismo, con juegos deportivos, atletismo, recreaci\u00f3n, actividades de reflexi\u00f3n sobre el bienestar emocional y los sentimientos, baile y m\u00fasica que hizo sonre\u00edr a todos los presentes.<\/p>\n<p>Agradecemos profundamente a quienes participaron y fueron parte de este encuentro:<\/p>\n<ul class=\"wp-block-list\">\n<li>DINAD<\/li>\n<li>\u2060Deporte adaptado, de la ciudad de Gualeguay<\/li>\n<li>\u2060EPEI Nro. 8 \u201cEl arca de No\u00e9\u201d, de la ciudad de Nogoy\u00e1<\/li>\n<li>EEI Nro. 24 \u00abElba del Carmen Blanco\u00bb, de la ciudad de Galarza<\/li>\n<\/ul>\n<p>Victoria, #MiCiudadQuerida <img decoding=\"async\" src=\"https:\/\/s.w.org\/images\/core\/emoji\/16.0.1\/72x72\/1fa75.png\" alt=\"&#x1fa75;\" class=\"wp-smiley\" \/><\/p>\n<figure class=\"wp-block-gallery has-nested-images columns-default is-cropped wp-block-gallery-3 is-layout-flex wp-block-gallery-is-layout-flex\">\n<figure class=\"wp-block-image size-large\"><img decoding=\"async\" loading=\"lazy\" width=\"1024\" height=\"682\" data-id=\"1988\" src=\"https:\/\/victoria.gob.ar\/prensa\/wp-content\/uploads\/2025\/10\/WhatsApp-Image-2025-10-17-at-19.05.50-1-1024x682.jpeg\" alt=\"\" class=\"wp-image-1988\" \/><\/figure>\n<figure class=\"wp-block-image size-large\"><img decoding=\"async\" loading=\"lazy\" width=\"1024\" height=\"682\" data-id=\"1985\" src=\"https:\/\/victoria.gob.ar\/prensa\/wp-content\/uploads\/2025\/10\/WhatsApp-Image-2025-10-17-at-19.05.50-1024x682.jpeg\" alt=\"\" class=\"wp-image-1985\" \/><\/figure>\n<figure class=\"wp-block-image size-large\"><img decoding=\"async\" loading=\"lazy\" width=\"1024\" height=\"682\" data-id=\"1979\" src=\"https:\/\/victoria.gob.ar\/prensa\/wp-content\/uploads\/2025\/10\/WhatsApp-Image-2025-10-17-at-19.05.49-2-1024x682.jpeg\" alt=\"\" class=\"wp-image-1979\" \/><\/figure>\n<figure class=\"wp-block-image size-large\"><img decoding=\"async\" loading=\"lazy\" width=\"1024\" height=\"682\" data-id=\"1986\" src=\"https:\/\/victoria.gob.ar\/prensa\/wp-content\/uploads\/2025\/10\/WhatsApp-Image-2025-10-17-at-19.05.49-1-1024x682.jpeg\" alt=\"\" class=\"wp-image-1986\" \/><\/figure>\n<figure class=\"wp-block-image size-large\"><img decoding=\"async\" loading=\"lazy\" width=\"1024\" height=\"682\" data-id=\"1987\" src=\"https:\/\/victoria.gob.ar\/prensa\/wp-content\/uploads\/2025\/10\/WhatsApp-Image-2025-10-17-at-19.05.49-1024x682.jpeg\" alt=\"\" class=\"wp-image-1987\" \/><\/figure>\n<figure class=\"wp-block-image size-large\"><img decoding=\"async\" loading=\"lazy\" width=\"1024\" height=\"682\" data-id=\"1983\" src=\"https:\/\/victoria.gob.ar\/prensa\/wp-content\/uploads\/2025\/10\/WhatsApp-Image-2025-10-17-at-19.05.48-2-1024x682.jpeg\" alt=\"\" class=\"wp-image-1983\" \/><\/figure>\n<figure class=\"wp-block-image size-large\"><img decoding=\"async\" loading=\"lazy\" width=\"1024\" height=\"683\" data-id=\"1978\" src=\"https:\/\/victoria.gob.ar\/prensa\/wp-content\/uploads\/2025\/10\/WhatsApp-Image-2025-10-17-at-19.05.48-1-1024x683.jpeg\" alt=\"\" class=\"wp-image-1978\" \/><\/figure>\n<figure class=\"wp-block-image size-large\"><img decoding=\"async\" loading=\"lazy\" width=\"1024\" height=\"682\" data-id=\"1984\" src=\"https:\/\/victoria.gob.ar\/prensa\/wp-content\/uploads\/2025\/10\/WhatsApp-Image-2025-10-17-at-19.05.48-1024x682.jpeg\" alt=\"\" class=\"wp-image-1984\" \/><\/figure>\n<figure class=\"wp-block-image size-large\"><img decoding=\"async\" loading=\"lazy\" width=\"1024\" height=\"682\" data-id=\"1981\" src=\"https:\/\/victoria.gob.ar\/prensa\/wp-content\/uploads\/2025\/10\/WhatsApp-Image-2025-10-17-at-19.05.47-2-1024x682.jpeg\" alt=\"\" class=\"wp-image-1981\" \/><\/figure>\n<figure class=\"wp-block-image size-large\"><img decoding=\"async\" loading=\"lazy\" width=\"1024\" height=\"682\" data-id=\"1982\" src=\"https:\/\/victoria.gob.ar\/prensa\/wp-content\/uploads\/2025\/10\/WhatsApp-Image-2025-10-17-at-19.05.47-1-1024x682.jpeg\" alt=\"\" class=\"wp-image-1982\" \/><\/figure>\n<figure class=\"wp-block-image size-large\"><img decoding=\"async\" loading=\"lazy\" width=\"1024\" height=\"682\" data-id=\"1989\" src=\"https:\/\/victoria.gob.ar\/prensa\/wp-content\/uploads\/2025\/10\/WhatsApp-Image-2025-10-17-at-19.05.47-1024x682.jpeg\" alt=\"\" class=\"wp-image-1989\" \/><\/figure>\n<figure class=\"wp-block-image size-large\"><img decoding=\"async\" loading=\"lazy\" width=\"1024\" height=\"682\" data-id=\"1980\" src=\"https:\/\/victoria.gob.ar\/prensa\/wp-content\/uploads\/2025\/10\/WhatsApp-Image-2025-10-17-at-19.05.46-1-1024x682.jpeg\" alt=\"\" class=\"wp-image-1980\" \/><\/figure>\n<figure class=\"wp-block-image size-large\"><img decoding=\"async\" loading=\"lazy\" width=\"945\" height=\"630\" data-id=\"1977\" src=\"https:\/\/victoria.gob.ar\/prensa\/wp-content\/uploads\/2025\/10\/WhatsApp-Image-2025-10-17-at-19.05.46.jpeg\" alt=\"\" class=\"wp-image-1977\" \/><\/figure>\n<\/figure>","protected":false},"excerpt":{"rendered":"<p>La Municipalidad de Victoria, desde el \u00c1rea de Discapacidad y la Coordinaci\u00f3n de Deportes, junto con la Escuela Integral Nro. 4 DINAD, llev\u00f3 adelante el Segundo Encuentro Deportivo \u201cDiversidad sin l\u00edmites\u201d en el predio de la Vieja Estaci\u00f3n. Fue un d\u00eda lleno de energ\u00eda y compa\u00f1erismo, con juegos deportivos, atletismo, recreaci\u00f3n, actividades de reflexi\u00f3n sobre&hellip;&nbsp;<a href=\"https:\/\/victoria.gob.ar\/es\/una-jornada-de-inclusion-alegria-y-expresion-en-victoria\/\" rel=\"bookmark\"><span class=\"screen-reader-text\">UNA JORNADA DE INCLUSI\u00d3N, ALEGR\u00cdA Y EXPRESI\u00d3N EN VICTORIA<\/span><\/a><\/p>\n","protected":false},"author":2,"featured_media":3203,"comment_status":"open","ping_status":"open","sticky":false,"template":"","format":"standard","meta":{"neve_meta_sidebar":"","neve_meta_container":"","neve_meta_enable_content_width":"","neve_meta_content_width":0,"neve_meta_title_alignment":"","neve_meta_author_avatar":"","neve_post_elements_order":"","neve_meta_disable_header":"","neve_meta_disable_footer":"","neve_meta_disable_title":"","footnotes":""},"categories":[1],"tags":[],"class_list":["post-3202","post","type-post","status-publish","format-standard","has-post-thumbnail","hentry","category-sin-categoria"],"_links":{"self":[{"href":"https:\/\/victoria.gob.ar\/es\/wp-json\/wp\/v2\/posts\/3202","targetHints":{"allow":["GET"]}}],"collection":[{"href":"https:\/\/victoria.gob.ar\/es\/wp-json\/wp\/v2\/posts"}],"about":[{"href":"https:\/\/victoria.gob.ar\/es\/wp-json\/wp\/v2\/types\/post"}],"author":[{"embeddable":true,"href":"https:\/\/victoria.gob.ar\/es\/wp-json\/wp\/v2\/users\/2"}],"replies":[{"embeddable":true,"href":"https:\/\/victoria.gob.ar\/es\/wp-json\/wp\/v2\/comments?post=3202"}],"version-history":[{"count":0,"href":"https:\/\/victoria.gob.ar\/es\/wp-json\/wp\/v2\/posts\/3202\/revisions"}],"wp:featuredmedia":[{"embeddable":true,"href":"https:\/\/victoria.gob.ar\/es\/wp-json\/wp\/v2\/media\/3203"}],"wp:attachment":[{"href":"https:\/\/victoria.gob.ar\/es\/wp-json\/wp\/v2\/media?parent=3202"}],"wp:term":[{"taxonomy":"category","embeddable":true,"href":"https:\/\/victoria.gob.ar\/es\/wp-json\/wp\/v2\/categories?post=3202"},{"taxonomy":"post_tag","embeddable":true,"href":"https:\/\/victoria.gob.ar\/es\/wp-json\/wp\/v2\/tags?post=3202"}],"curies":[{"name":"wp","href":"https:\/\/api.w.org\/{rel}","templated":true}]}}