{"id":3200,"date":"2025-10-19T13:53:01","date_gmt":"2025-10-19T13:53:01","guid":{"rendered":"http:\/\/victoria.gob.ar\/es\/homenaje-a-las-madres-en-su-dia\/"},"modified":"2025-10-19T13:53:01","modified_gmt":"2025-10-19T13:53:01","slug":"homenaje-a-las-madres-en-su-dia","status":"publish","type":"post","link":"https:\/\/victoria.gob.ar\/es\/homenaje-a-las-madres-en-su-dia\/","title":{"rendered":"HOMENAJE A LAS MADRES EN SU D\u00cdA"},"content":{"rendered":"<p>Nuestra intendente, Isa Castagnino, particip\u00f3 hoy de la misa en homenaje a todas las madres de Victoria en la Parroquia Bas\u00edlica Nuestra Se\u00f1ora de Aranzaz\u00fa.<\/p>\n<p>Luego, acompa\u00f1\u00f3 al acto conmemorativo en el Monumento a la Madre, donde entreg\u00f3 una ofrenda floral en nombre de toda la comunidad, como gesto de amor, respeto y gratitud hacia quienes nos dieron la vida y nos ense\u00f1an cada d\u00eda con su ejemplo.<\/p>\n<p>La Banda Municipal \u201cSebasti\u00e1n Ingrao\u201d acompa\u00f1\u00f3 el momento con su m\u00fasica.<\/p>\n<p>Un homenaje sentido, desde el coraz\u00f3n, para todas las madres victorienses.<\/p>\n<figure class=\"wp-block-gallery has-nested-images columns-default is-cropped wp-block-gallery-2 is-layout-flex wp-block-gallery-is-layout-flex\">\n<figure class=\"wp-block-image size-large\"><img loading=\"lazy\" decoding=\"async\" width=\"1024\" height=\"682\" data-id=\"1997\" src=\"https:\/\/victoria.gob.ar\/prensa\/wp-content\/uploads\/2025\/10\/WhatsApp-Image-2025-10-19-at-22.41.46-1-1024x682.jpeg\" alt=\"\" class=\"wp-image-1997\" \/><\/figure>\n<figure class=\"wp-block-image size-large\"><img decoding=\"async\" loading=\"lazy\" width=\"1024\" height=\"682\" data-id=\"1994\" src=\"https:\/\/victoria.gob.ar\/prensa\/wp-content\/uploads\/2025\/10\/WhatsApp-Image-2025-10-19-at-22.41.46-1024x682.jpeg\" alt=\"\" class=\"wp-image-1994\" \/><\/figure>\n<figure class=\"wp-block-image size-large\"><img decoding=\"async\" loading=\"lazy\" width=\"1024\" height=\"682\" data-id=\"1995\" src=\"https:\/\/victoria.gob.ar\/prensa\/wp-content\/uploads\/2025\/10\/WhatsApp-Image-2025-10-19-at-22.41.45-3-1024x682.jpeg\" alt=\"\" class=\"wp-image-1995\" \/><\/figure>\n<figure class=\"wp-block-image size-large\"><img decoding=\"async\" loading=\"lazy\" width=\"1024\" height=\"682\" data-id=\"2002\" src=\"https:\/\/victoria.gob.ar\/prensa\/wp-content\/uploads\/2025\/10\/WhatsApp-Image-2025-10-19-at-22.41.45-2-1024x682.jpeg\" alt=\"\" class=\"wp-image-2002\" \/><\/figure>\n<figure class=\"wp-block-image size-large\"><img decoding=\"async\" loading=\"lazy\" width=\"1024\" height=\"682\" data-id=\"1998\" src=\"https:\/\/victoria.gob.ar\/prensa\/wp-content\/uploads\/2025\/10\/WhatsApp-Image-2025-10-19-at-22.41.45-1-1024x682.jpeg\" alt=\"\" class=\"wp-image-1998\" \/><\/figure>\n<figure class=\"wp-block-image size-large\"><img decoding=\"async\" loading=\"lazy\" width=\"1024\" height=\"682\" data-id=\"2003\" src=\"https:\/\/victoria.gob.ar\/prensa\/wp-content\/uploads\/2025\/10\/WhatsApp-Image-2025-10-19-at-22.41.45-1024x682.jpeg\" alt=\"\" class=\"wp-image-2003\" \/><\/figure>\n<figure class=\"wp-block-image size-large\"><img decoding=\"async\" loading=\"lazy\" width=\"1024\" height=\"682\" data-id=\"1993\" src=\"https:\/\/victoria.gob.ar\/prensa\/wp-content\/uploads\/2025\/10\/WhatsApp-Image-2025-10-19-at-22.41.44-1024x682.jpeg\" alt=\"\" class=\"wp-image-1993\" \/><\/figure>\n<figure class=\"wp-block-image size-large\"><img decoding=\"async\" loading=\"lazy\" width=\"1024\" height=\"682\" data-id=\"1996\" src=\"https:\/\/victoria.gob.ar\/prensa\/wp-content\/uploads\/2025\/10\/WhatsApp-Image-2025-10-19-at-22.41.43-2-1024x682.jpeg\" alt=\"\" class=\"wp-image-1996\" \/><\/figure>\n<figure class=\"wp-block-image size-large\"><img decoding=\"async\" loading=\"lazy\" width=\"1024\" height=\"682\" data-id=\"2004\" src=\"https:\/\/victoria.gob.ar\/prensa\/wp-content\/uploads\/2025\/10\/WhatsApp-Image-2025-10-19-at-22.41.43-1-1024x682.jpeg\" alt=\"\" class=\"wp-image-2004\" \/><\/figure>\n<figure class=\"wp-block-image size-large\"><img decoding=\"async\" loading=\"lazy\" width=\"1024\" height=\"682\" data-id=\"2005\" src=\"https:\/\/victoria.gob.ar\/prensa\/wp-content\/uploads\/2025\/10\/WhatsApp-Image-2025-10-19-at-22.41.43-1024x682.jpeg\" alt=\"\" class=\"wp-image-2005\" \/><\/figure>\n<figure class=\"wp-block-image size-large\"><img decoding=\"async\" loading=\"lazy\" width=\"1024\" height=\"682\" data-id=\"2001\" src=\"https:\/\/victoria.gob.ar\/prensa\/wp-content\/uploads\/2025\/10\/WhatsApp-Image-2025-10-19-at-22.41.42-1024x682.jpeg\" alt=\"\" class=\"wp-image-2001\" \/><\/figure>\n<figure class=\"wp-block-image size-large\"><img decoding=\"async\" loading=\"lazy\" width=\"1024\" height=\"682\" data-id=\"1999\" src=\"https:\/\/victoria.gob.ar\/prensa\/wp-content\/uploads\/2025\/10\/WhatsApp-Image-2025-10-19-at-22.41.42-2-1024x682.jpeg\" alt=\"\" class=\"wp-image-1999\" \/><\/figure>\n<figure class=\"wp-block-image size-large\"><img decoding=\"async\" loading=\"lazy\" width=\"1024\" height=\"682\" data-id=\"2000\" src=\"https:\/\/victoria.gob.ar\/prensa\/wp-content\/uploads\/2025\/10\/WhatsApp-Image-2025-10-19-at-22.41.42-1-1024x682.jpeg\" alt=\"\" class=\"wp-image-2000\" \/><\/figure>\n<\/figure>","protected":false},"excerpt":{"rendered":"<p>Nuestra intendente, Isa Castagnino, particip\u00f3 hoy de la misa en homenaje a todas las madres de Victoria en la Parroquia Bas\u00edlica Nuestra Se\u00f1ora de Aranzaz\u00fa. Luego, acompa\u00f1\u00f3 al acto conmemorativo en el Monumento a la Madre, donde entreg\u00f3 una ofrenda floral en nombre de toda la comunidad, como gesto de amor, respeto y gratitud hacia&hellip;&nbsp;<a href=\"https:\/\/victoria.gob.ar\/es\/homenaje-a-las-madres-en-su-dia\/\" rel=\"bookmark\"><span class=\"screen-reader-text\">HOMENAJE A LAS MADRES EN SU D\u00cdA<\/span><\/a><\/p>\n","protected":false},"author":2,"featured_media":3201,"comment_status":"open","ping_status":"open","sticky":false,"template":"","format":"standard","meta":{"neve_meta_sidebar":"","neve_meta_container":"","neve_meta_enable_content_width":"","neve_meta_content_width":0,"neve_meta_title_alignment":"","neve_meta_author_avatar":"","neve_post_elements_order":"","neve_meta_disable_header":"","neve_meta_disable_footer":"","neve_meta_disable_title":"","footnotes":""},"categories":[1],"tags":[],"class_list":["post-3200","post","type-post","status-publish","format-standard","has-post-thumbnail","hentry","category-sin-categoria"],"_links":{"self":[{"href":"https:\/\/victoria.gob.ar\/es\/wp-json\/wp\/v2\/posts\/3200","targetHints":{"allow":["GET"]}}],"collection":[{"href":"https:\/\/victoria.gob.ar\/es\/wp-json\/wp\/v2\/posts"}],"about":[{"href":"https:\/\/victoria.gob.ar\/es\/wp-json\/wp\/v2\/types\/post"}],"author":[{"embeddable":true,"href":"https:\/\/victoria.gob.ar\/es\/wp-json\/wp\/v2\/users\/2"}],"replies":[{"embeddable":true,"href":"https:\/\/victoria.gob.ar\/es\/wp-json\/wp\/v2\/comments?post=3200"}],"version-history":[{"count":0,"href":"https:\/\/victoria.gob.ar\/es\/wp-json\/wp\/v2\/posts\/3200\/revisions"}],"wp:featuredmedia":[{"embeddable":true,"href":"https:\/\/victoria.gob.ar\/es\/wp-json\/wp\/v2\/media\/3201"}],"wp:attachment":[{"href":"https:\/\/victoria.gob.ar\/es\/wp-json\/wp\/v2\/media?parent=3200"}],"wp:term":[{"taxonomy":"category","embeddable":true,"href":"https:\/\/victoria.gob.ar\/es\/wp-json\/wp\/v2\/categories?post=3200"},{"taxonomy":"post_tag","embeddable":true,"href":"https:\/\/victoria.gob.ar\/es\/wp-json\/wp\/v2\/tags?post=3200"}],"curies":[{"name":"wp","href":"https:\/\/api.w.org\/{rel}","templated":true}]}}