{"id":3121,"date":"2025-10-03T14:42:59","date_gmt":"2025-10-03T14:42:59","guid":{"rendered":"http:\/\/victoria.gob.ar\/es\/la-presidente-municipal-isa-castagnino-recibio-hoy-en-su-despacho-a-la-ex-intendente-de-rosario-y-actual-diputada-nacional-por-santa-fe-monica-fein\/"},"modified":"2025-10-03T14:42:59","modified_gmt":"2025-10-03T14:42:59","slug":"la-presidente-municipal-isa-castagnino-recibio-hoy-en-su-despacho-a-la-ex-intendente-de-rosario-y-actual-diputada-nacional-por-santa-fe-monica-fein","status":"publish","type":"post","link":"https:\/\/victoria.gob.ar\/es\/la-presidente-municipal-isa-castagnino-recibio-hoy-en-su-despacho-a-la-ex-intendente-de-rosario-y-actual-diputada-nacional-por-santa-fe-monica-fein\/","title":{"rendered":"La presidente municipal, Isa Castagnino, recibi\u00f3 hoy en su despacho a la ex intendente de Rosario y actual diputada nacional por Santa Fe, M\u00f3nica Fein."},"content":{"rendered":"<p>Dialogaron sobre temas que nos unen como regi\u00f3n: el cuidado ambiental de nuestras islas y humedales, y el mantenimiento del enlace vial Victoria\u2013Rosario, fundamental para nuestras comunidades.<\/p>\n<figure class=\"wp-block-gallery has-nested-images columns-default is-cropped wp-block-gallery-4 is-layout-flex wp-block-gallery-is-layout-flex\">\n<figure class=\"wp-block-image size-large\"><img decoding=\"async\" loading=\"lazy\" width=\"1024\" height=\"576\" data-id=\"1839\" src=\"https:\/\/victoria.gob.ar\/prensa\/wp-content\/uploads\/2025\/10\/WhatsApp-Image-2025-10-03-at-23.14.29-2-1024x576.jpeg\" alt=\"\" class=\"wp-image-1839\" \/><\/figure>\n<figure class=\"wp-block-image size-large\"><img decoding=\"async\" loading=\"lazy\" width=\"1024\" height=\"768\" data-id=\"1840\" src=\"https:\/\/victoria.gob.ar\/prensa\/wp-content\/uploads\/2025\/10\/WhatsApp-Image-2025-10-03-at-23.14.29-1-1024x768.jpeg\" alt=\"\" class=\"wp-image-1840\" \/><\/figure>\n<figure class=\"wp-block-image size-large\"><img decoding=\"async\" loading=\"lazy\" width=\"1024\" height=\"768\" data-id=\"1841\" src=\"https:\/\/victoria.gob.ar\/prensa\/wp-content\/uploads\/2025\/10\/WhatsApp-Image-2025-10-03-at-23.14.29-1024x768.jpeg\" alt=\"\" class=\"wp-image-1841\" \/><\/figure>\n<\/figure>","protected":false},"excerpt":{"rendered":"<p>Dialogaron sobre temas que nos unen como regi\u00f3n: el cuidado ambiental de nuestras islas y humedales, y el mantenimiento del enlace vial Victoria\u2013Rosario, fundamental para nuestras comunidades.<\/p>\n","protected":false},"author":2,"featured_media":3122,"comment_status":"open","ping_status":"open","sticky":false,"template":"","format":"standard","meta":{"neve_meta_sidebar":"","neve_meta_container":"","neve_meta_enable_content_width":"","neve_meta_content_width":0,"neve_meta_title_alignment":"","neve_meta_author_avatar":"","neve_post_elements_order":"","neve_meta_disable_header":"","neve_meta_disable_footer":"","neve_meta_disable_title":"","footnotes":""},"categories":[1],"tags":[],"class_list":["post-3121","post","type-post","status-publish","format-standard","has-post-thumbnail","hentry","category-sin-categoria"],"_links":{"self":[{"href":"https:\/\/victoria.gob.ar\/es\/wp-json\/wp\/v2\/posts\/3121","targetHints":{"allow":["GET"]}}],"collection":[{"href":"https:\/\/victoria.gob.ar\/es\/wp-json\/wp\/v2\/posts"}],"about":[{"href":"https:\/\/victoria.gob.ar\/es\/wp-json\/wp\/v2\/types\/post"}],"author":[{"embeddable":true,"href":"https:\/\/victoria.gob.ar\/es\/wp-json\/wp\/v2\/users\/2"}],"replies":[{"embeddable":true,"href":"https:\/\/victoria.gob.ar\/es\/wp-json\/wp\/v2\/comments?post=3121"}],"version-history":[{"count":0,"href":"https:\/\/victoria.gob.ar\/es\/wp-json\/wp\/v2\/posts\/3121\/revisions"}],"wp:featuredmedia":[{"embeddable":true,"href":"https:\/\/victoria.gob.ar\/es\/wp-json\/wp\/v2\/media\/3122"}],"wp:attachment":[{"href":"https:\/\/victoria.gob.ar\/es\/wp-json\/wp\/v2\/media?parent=3121"}],"wp:term":[{"taxonomy":"category","embeddable":true,"href":"https:\/\/victoria.gob.ar\/es\/wp-json\/wp\/v2\/categories?post=3121"},{"taxonomy":"post_tag","embeddable":true,"href":"https:\/\/victoria.gob.ar\/es\/wp-json\/wp\/v2\/tags?post=3121"}],"curies":[{"name":"wp","href":"https:\/\/api.w.org\/{rel}","templated":true}]}}