{"id":3087,"date":"2025-10-01T13:43:19","date_gmt":"2025-10-01T13:43:19","guid":{"rendered":"http:\/\/victoria.gob.ar\/es\/un-mural-para-tu-escuela-%f0%9f%8e%a8\/"},"modified":"2025-10-01T13:43:19","modified_gmt":"2025-10-01T13:43:19","slug":"un-mural-para-tu-escuela-%f0%9f%8e%a8","status":"publish","type":"post","link":"https:\/\/victoria.gob.ar\/es\/un-mural-para-tu-escuela-%f0%9f%8e%a8\/","title":{"rendered":"UN MURAL PARA TU ESCUELA &#x1f3a8;"},"content":{"rendered":"<p>Desde el \u00c1rea de Juventud de la Municipalidad de Victoria se comienza un proyecto que invita a los estudiantes secundarios a expresarse a trav\u00e9s del arte.<\/p>\n<p>La propuesta busca que cada instituci\u00f3n dise\u00f1e un mural que represente sus valores, sue\u00f1os e identidad. De todos los bocetos recibidos, se seleccionar\u00e1n cinco que ser\u00e1n pintados en las escuelas.<\/p>\n<p><img decoding=\"async\" src=\"https:\/\/s.w.org\/images\/core\/emoji\/16.0.1\/72x72\/1f4c5.png\" alt=\"&#x1f4c5;\" class=\"wp-smiley\" \/> Ten\u00e9s tiempo de enviar tu dise\u00f1o hasta el 10 de octubre a areadejuventud1mdv@gmail.com.<\/p>\n<p><img decoding=\"async\" src=\"https:\/\/s.w.org\/images\/core\/emoji\/16.0.1\/72x72\/1f64c-1f3fc.png\" alt=\"&#x1f64c;&#x1f3fc;\" class=\"wp-smiley\" \/> Sigamos construyendo comunidad a trav\u00e9s del arte, la creatividad y el trabajo en equipo.<\/p>\n<figure class=\"wp-block-image size-large\"><img loading=\"lazy\" decoding=\"async\" width=\"819\" height=\"1024\" src=\"https:\/\/victoria.gob.ar\/prensa\/wp-content\/uploads\/2025\/10\/WhatsApp-Image-2025-10-01-at-08.09.13-819x1024.jpeg\" alt=\"\" class=\"wp-image-1835\" \/><\/figure>","protected":false},"excerpt":{"rendered":"<p>Desde el \u00c1rea de Juventud de la Municipalidad de Victoria se comienza un proyecto que invita a los estudiantes secundarios a expresarse a trav\u00e9s del arte. La propuesta busca que cada instituci\u00f3n dise\u00f1e un mural que represente sus valores, sue\u00f1os e identidad. De todos los bocetos recibidos, se seleccionar\u00e1n cinco que ser\u00e1n pintados en las&hellip;&nbsp;<a href=\"https:\/\/victoria.gob.ar\/es\/un-mural-para-tu-escuela-%f0%9f%8e%a8\/\" rel=\"bookmark\"><span class=\"screen-reader-text\">UN MURAL PARA TU ESCUELA &#x1f3a8;<\/span><\/a><\/p>\n","protected":false},"author":2,"featured_media":3088,"comment_status":"open","ping_status":"open","sticky":false,"template":"","format":"standard","meta":{"neve_meta_sidebar":"","neve_meta_container":"","neve_meta_enable_content_width":"","neve_meta_content_width":0,"neve_meta_title_alignment":"","neve_meta_author_avatar":"","neve_post_elements_order":"","neve_meta_disable_header":"","neve_meta_disable_footer":"","neve_meta_disable_title":"","footnotes":""},"categories":[1],"tags":[],"class_list":["post-3087","post","type-post","status-publish","format-standard","has-post-thumbnail","hentry","category-sin-categoria"],"_links":{"self":[{"href":"https:\/\/victoria.gob.ar\/es\/wp-json\/wp\/v2\/posts\/3087","targetHints":{"allow":["GET"]}}],"collection":[{"href":"https:\/\/victoria.gob.ar\/es\/wp-json\/wp\/v2\/posts"}],"about":[{"href":"https:\/\/victoria.gob.ar\/es\/wp-json\/wp\/v2\/types\/post"}],"author":[{"embeddable":true,"href":"https:\/\/victoria.gob.ar\/es\/wp-json\/wp\/v2\/users\/2"}],"replies":[{"embeddable":true,"href":"https:\/\/victoria.gob.ar\/es\/wp-json\/wp\/v2\/comments?post=3087"}],"version-history":[{"count":0,"href":"https:\/\/victoria.gob.ar\/es\/wp-json\/wp\/v2\/posts\/3087\/revisions"}],"wp:featuredmedia":[{"embeddable":true,"href":"https:\/\/victoria.gob.ar\/es\/wp-json\/wp\/v2\/media\/3088"}],"wp:attachment":[{"href":"https:\/\/victoria.gob.ar\/es\/wp-json\/wp\/v2\/media?parent=3087"}],"wp:term":[{"taxonomy":"category","embeddable":true,"href":"https:\/\/victoria.gob.ar\/es\/wp-json\/wp\/v2\/categories?post=3087"},{"taxonomy":"post_tag","embeddable":true,"href":"https:\/\/victoria.gob.ar\/es\/wp-json\/wp\/v2\/tags?post=3087"}],"curies":[{"name":"wp","href":"https:\/\/api.w.org\/{rel}","templated":true}]}}