{"id":3061,"date":"2025-09-23T17:23:34","date_gmt":"2025-09-23T17:23:34","guid":{"rendered":"https:\/\/victoria.gob.ar\/es\/puntos-verdes-%f0%9f%9f%a2\/"},"modified":"2025-09-23T17:23:34","modified_gmt":"2025-09-23T17:23:34","slug":"puntos-verdes-%f0%9f%9f%a2","status":"publish","type":"post","link":"https:\/\/victoria.gob.ar\/es\/puntos-verdes-%f0%9f%9f%a2\/","title":{"rendered":"PUNTOS VERDES &#x1f7e2;"},"content":{"rendered":"<p>Nuestra ciudad cuenta con cinco puntos verdes destinados a la recepci\u00f3n de materiales reciclables.<\/p>\n<p><img decoding=\"async\" src=\"https:\/\/s.w.org\/images\/core\/emoji\/16.0.1\/72x72\/2705.png\" alt=\"&#x2705;\" class=\"wp-smiley\"\/> Cada uno de ellos est\u00e1 equipado con contenedores y se\u00f1alizaci\u00f3n espec\u00edfica para la separaci\u00f3n de residuos en las siguientes categor\u00edas: <img decoding=\"async\" src=\"https:\/\/s.w.org\/images\/core\/emoji\/16.0.1\/72x72\/1f449-1f3fc.png\" alt=\"&#x1f449;&#x1f3fc;\" class=\"wp-smiley\"\/> pl\u00e1stico y aluminio, papel y cart\u00f3n, y vidrio.<\/p>\n<p>Los materiales depositados por los vecinos son recolectados por un cami\u00f3n exclusivo para esta tarea y trasladados a la Planta de Residuos S\u00f3lidos Urbanos (PRSU). All\u00ed se almacenan, clasifican y preparan para su posterior comercializaci\u00f3n. Los puntos se encuentran estrat\u00e9gicamente distribuidos en distintos sectores de la ciudad:<br \/><img decoding=\"async\" src=\"https:\/\/s.w.org\/images\/core\/emoji\/16.0.1\/72x72\/1f4cd.png\" alt=\"&#x1f4cd;\" class=\"wp-smiley\"\/> CIC (esquina de Passo y Cochabamba)<br \/><img decoding=\"async\" src=\"https:\/\/s.w.org\/images\/core\/emoji\/16.0.1\/72x72\/1f4cd.png\" alt=\"&#x1f4cd;\" class=\"wp-smiley\"\/> Barrio Abad\u00eda<br \/><img decoding=\"async\" src=\"https:\/\/s.w.org\/images\/core\/emoji\/16.0.1\/72x72\/1f4cd.png\" alt=\"&#x1f4cd;\" class=\"wp-smiley\"\/> Plaza Libertad<br \/><img decoding=\"async\" src=\"https:\/\/s.w.org\/images\/core\/emoji\/16.0.1\/72x72\/1f4cd.png\" alt=\"&#x1f4cd;\" class=\"wp-smiley\"\/> Av. Costanera<br \/><img decoding=\"async\" src=\"https:\/\/s.w.org\/images\/core\/emoji\/16.0.1\/72x72\/1f4cd.png\" alt=\"&#x1f4cd;\" class=\"wp-smiley\"\/> Planta de Residuos S\u00f3lidos Urbanos (Ruta Provincial Nro. 11 y calle p\u00fablica)<\/p>\n<figure class=\"wp-block-image size-large\"><img loading=\"lazy\" decoding=\"async\" width=\"819\" height=\"1024\" src=\"https:\/\/victoria.gob.ar\/prensa\/wp-content\/uploads\/2025\/09\/WhatsApp-Image-2025-09-23-at-10.17.54-819x1024.jpeg\" alt=\"\" class=\"wp-image-1767\"\/><\/figure>","protected":false},"excerpt":{"rendered":"<p>Nuestra ciudad cuenta con cinco puntos verdes destinados a la recepci\u00f3n de materiales reciclables. Cada uno de ellos est\u00e1 equipado con contenedores y se\u00f1alizaci\u00f3n espec\u00edfica para la separaci\u00f3n de residuos en las siguientes categor\u00edas: pl\u00e1stico y aluminio, papel y cart\u00f3n, y vidrio. Los materiales depositados por los vecinos son recolectados por un cami\u00f3n exclusivo para&hellip;&nbsp;<a href=\"https:\/\/victoria.gob.ar\/es\/puntos-verdes-%f0%9f%9f%a2\/\" rel=\"bookmark\"><span class=\"screen-reader-text\">PUNTOS VERDES &#x1f7e2;<\/span><\/a><\/p>\n","protected":false},"author":2,"featured_media":3062,"comment_status":"open","ping_status":"open","sticky":false,"template":"","format":"standard","meta":{"neve_meta_sidebar":"","neve_meta_container":"","neve_meta_enable_content_width":"","neve_meta_content_width":0,"neve_meta_title_alignment":"","neve_meta_author_avatar":"","neve_post_elements_order":"","neve_meta_disable_header":"","neve_meta_disable_footer":"","neve_meta_disable_title":"","footnotes":""},"categories":[1],"tags":[],"class_list":["post-3061","post","type-post","status-publish","format-standard","has-post-thumbnail","hentry","category-sin-categoria"],"_links":{"self":[{"href":"https:\/\/victoria.gob.ar\/es\/wp-json\/wp\/v2\/posts\/3061","targetHints":{"allow":["GET"]}}],"collection":[{"href":"https:\/\/victoria.gob.ar\/es\/wp-json\/wp\/v2\/posts"}],"about":[{"href":"https:\/\/victoria.gob.ar\/es\/wp-json\/wp\/v2\/types\/post"}],"author":[{"embeddable":true,"href":"https:\/\/victoria.gob.ar\/es\/wp-json\/wp\/v2\/users\/2"}],"replies":[{"embeddable":true,"href":"https:\/\/victoria.gob.ar\/es\/wp-json\/wp\/v2\/comments?post=3061"}],"version-history":[{"count":0,"href":"https:\/\/victoria.gob.ar\/es\/wp-json\/wp\/v2\/posts\/3061\/revisions"}],"wp:featuredmedia":[{"embeddable":true,"href":"https:\/\/victoria.gob.ar\/es\/wp-json\/wp\/v2\/media\/3062"}],"wp:attachment":[{"href":"https:\/\/victoria.gob.ar\/es\/wp-json\/wp\/v2\/media?parent=3061"}],"wp:term":[{"taxonomy":"category","embeddable":true,"href":"https:\/\/victoria.gob.ar\/es\/wp-json\/wp\/v2\/categories?post=3061"},{"taxonomy":"post_tag","embeddable":true,"href":"https:\/\/victoria.gob.ar\/es\/wp-json\/wp\/v2\/tags?post=3061"}],"curies":[{"name":"wp","href":"https:\/\/api.w.org\/{rel}","templated":true}]}}