{"id":3033,"date":"2025-09-17T12:31:13","date_gmt":"2025-09-17T12:31:13","guid":{"rendered":"http:\/\/victoria.gob.ar\/es\/salud-mental-y-deporte\/"},"modified":"2025-09-17T12:31:13","modified_gmt":"2025-09-17T12:31:13","slug":"salud-mental-y-deporte","status":"publish","type":"post","link":"https:\/\/victoria.gob.ar\/es\/salud-mental-y-deporte\/","title":{"rendered":"SALUD MENTAL Y DEPORTE"},"content":{"rendered":"<p>En el marco del Mes de la Prevenci\u00f3n del Suicidio, la Municipalidad de Victoria llev\u00f3 adelante un nuevo encuentro de Salud Mental Comunitaria, esta vez con el deporte como eje central.<\/p>\n<p>La jornada se realiz\u00f3 en el Club Sarmiento y cont\u00f3 con la participaci\u00f3n especial de Marcelo Aguirre, ex futbolista profesional de nuestra ciudad, quien comparti\u00f3 su valiosa historia de vida y superaci\u00f3n. Su testimonio permiti\u00f3 abrir un espacio de reflexi\u00f3n sobre factores protectores y de riesgo en la salud mental, frustraci\u00f3n, violencias y valoraci\u00f3n personal, generando un impacto positivo en j\u00f3venes y adultos presentes.<\/p>\n<p>Alrededor de las distintas intervenciones se destac\u00f3 la importancia de trabajar en conjunto entre instituciones, familias y comunidad para seguir fortaleciendo una Victoria m\u00e1s consciente, emp\u00e1tica y comprometida con la salud mental.<\/p>\n<p>Desde el \u00c1rea de Salud Mental Comunitaria, se reitera la predisposici\u00f3n a continuar acompa\u00f1ando y construyendo espacios de prevenci\u00f3n junto a cada instituci\u00f3n que lo requiera.<\/p>\n<figure class=\"wp-block-gallery has-nested-images columns-default is-cropped wp-block-gallery-1 is-layout-flex wp-block-gallery-is-layout-flex\">\n<figure class=\"wp-block-image size-large\"><img loading=\"lazy\" decoding=\"async\" width=\"1024\" height=\"682\" data-id=\"1733\" src=\"https:\/\/victoria.gob.ar\/prensa\/wp-content\/uploads\/2025\/09\/WhatsApp-Image-2025-09-17-at-09.26.31-1024x682.jpeg\" alt=\"\" class=\"wp-image-1733\" \/><\/figure>\n<figure class=\"wp-block-image size-large\"><img loading=\"lazy\" decoding=\"async\" width=\"1024\" height=\"682\" data-id=\"1735\" src=\"https:\/\/victoria.gob.ar\/prensa\/wp-content\/uploads\/2025\/09\/WhatsApp-Image-2025-09-17-at-09.26.30-2-1024x682.jpeg\" alt=\"\" class=\"wp-image-1735\" \/><\/figure>\n<figure class=\"wp-block-image size-large\"><img loading=\"lazy\" decoding=\"async\" width=\"1024\" height=\"682\" data-id=\"1736\" src=\"https:\/\/victoria.gob.ar\/prensa\/wp-content\/uploads\/2025\/09\/WhatsApp-Image-2025-09-17-at-09.26.30-1-1024x682.jpeg\" alt=\"\" class=\"wp-image-1736\" \/><\/figure>\n<figure class=\"wp-block-image size-large\"><img decoding=\"async\" loading=\"lazy\" width=\"1024\" height=\"682\" data-id=\"1732\" src=\"https:\/\/victoria.gob.ar\/prensa\/wp-content\/uploads\/2025\/09\/WhatsApp-Image-2025-09-17-at-09.26.30-1024x682.jpeg\" alt=\"\" class=\"wp-image-1732\" \/><\/figure>\n<figure class=\"wp-block-image size-large\"><img decoding=\"async\" loading=\"lazy\" width=\"1024\" height=\"682\" data-id=\"1734\" src=\"https:\/\/victoria.gob.ar\/prensa\/wp-content\/uploads\/2025\/09\/WhatsApp-Image-2025-09-17-at-09.26.29-1-1024x682.jpeg\" alt=\"\" class=\"wp-image-1734\" \/><\/figure>\n<figure class=\"wp-block-image size-large\"><img decoding=\"async\" loading=\"lazy\" width=\"1024\" height=\"682\" data-id=\"1737\" src=\"https:\/\/victoria.gob.ar\/prensa\/wp-content\/uploads\/2025\/09\/WhatsApp-Image-2025-09-17-at-09.26.29-1024x682.jpeg\" alt=\"\" class=\"wp-image-1737\" \/><\/figure>\n<\/figure>","protected":false},"excerpt":{"rendered":"<p>En el marco del Mes de la Prevenci\u00f3n del Suicidio, la Municipalidad de Victoria llev\u00f3 adelante un nuevo encuentro de Salud Mental Comunitaria, esta vez con el deporte como eje central. La jornada se realiz\u00f3 en el Club Sarmiento y cont\u00f3 con la participaci\u00f3n especial de Marcelo Aguirre, ex futbolista profesional de nuestra ciudad, quien&hellip;&nbsp;<a href=\"https:\/\/victoria.gob.ar\/es\/salud-mental-y-deporte\/\" rel=\"bookmark\"><span class=\"screen-reader-text\">SALUD MENTAL Y DEPORTE<\/span><\/a><\/p>\n","protected":false},"author":2,"featured_media":3034,"comment_status":"open","ping_status":"open","sticky":false,"template":"","format":"standard","meta":{"neve_meta_sidebar":"","neve_meta_container":"","neve_meta_enable_content_width":"","neve_meta_content_width":0,"neve_meta_title_alignment":"","neve_meta_author_avatar":"","neve_post_elements_order":"","neve_meta_disable_header":"","neve_meta_disable_footer":"","neve_meta_disable_title":"","footnotes":""},"categories":[1],"tags":[],"class_list":["post-3033","post","type-post","status-publish","format-standard","has-post-thumbnail","hentry","category-sin-categoria"],"_links":{"self":[{"href":"https:\/\/victoria.gob.ar\/es\/wp-json\/wp\/v2\/posts\/3033","targetHints":{"allow":["GET"]}}],"collection":[{"href":"https:\/\/victoria.gob.ar\/es\/wp-json\/wp\/v2\/posts"}],"about":[{"href":"https:\/\/victoria.gob.ar\/es\/wp-json\/wp\/v2\/types\/post"}],"author":[{"embeddable":true,"href":"https:\/\/victoria.gob.ar\/es\/wp-json\/wp\/v2\/users\/2"}],"replies":[{"embeddable":true,"href":"https:\/\/victoria.gob.ar\/es\/wp-json\/wp\/v2\/comments?post=3033"}],"version-history":[{"count":0,"href":"https:\/\/victoria.gob.ar\/es\/wp-json\/wp\/v2\/posts\/3033\/revisions"}],"wp:featuredmedia":[{"embeddable":true,"href":"https:\/\/victoria.gob.ar\/es\/wp-json\/wp\/v2\/media\/3034"}],"wp:attachment":[{"href":"https:\/\/victoria.gob.ar\/es\/wp-json\/wp\/v2\/media?parent=3033"}],"wp:term":[{"taxonomy":"category","embeddable":true,"href":"https:\/\/victoria.gob.ar\/es\/wp-json\/wp\/v2\/categories?post=3033"},{"taxonomy":"post_tag","embeddable":true,"href":"https:\/\/victoria.gob.ar\/es\/wp-json\/wp\/v2\/tags?post=3033"}],"curies":[{"name":"wp","href":"https:\/\/api.w.org\/{rel}","templated":true}]}}