{"id":3009,"date":"2025-09-10T13:37:22","date_gmt":"2025-09-10T13:37:22","guid":{"rendered":"http:\/\/victoria.gob.ar\/es\/dia-mundial-para-la-prevencion-del-suicidio-%f0%9f%8e%97\/"},"modified":"2025-09-10T13:37:22","modified_gmt":"2025-09-10T13:37:22","slug":"dia-mundial-para-la-prevencion-del-suicidio-%f0%9f%8e%97","status":"publish","type":"post","link":"https:\/\/victoria.gob.ar\/es\/dia-mundial-para-la-prevencion-del-suicidio-%f0%9f%8e%97\/","title":{"rendered":"D\u00cdA MUNDIAL PARA LA PREVENCI\u00d3N DEL SUICIDIO &#x1f397;"},"content":{"rendered":"<p>En D\u00eda Mundial de la Prevenci\u00f3n del Suicidio impulsamos el lema \u00abCambiar la narrativa\u00bb, que tiene como objetivo derribar barreras, el estigma, crear conciencia y generar una cultura de comprensi\u00f3n y apoyo para prevenir el suicidio.<\/p>\n<p>Si vos o alguien que conozcas necesita ayuda respecto de esta problem\u00e1tica, pod\u00e9s llamar al 135. Tambi\u00e9n, te recordamos, el n\u00famero gratuito de l\u00ednea para la atenci\u00f3n de urgencias en salud mental y riesgo suicida: 0800-777-2100. La l\u00ednea funciona las 24 horas, todos los d\u00edas y es atendida por un equipo interdisciplinario de profesionales de salud.<\/p>\n<figure class=\"wp-block-image size-large\"><img loading=\"lazy\" decoding=\"async\" width=\"826\" height=\"1024\" src=\"https:\/\/victoria.gob.ar\/prensa\/wp-content\/uploads\/2025\/09\/WhatsApp-Image-2025-09-10-at-10.24.26-826x1024.jpeg\" alt=\"\" class=\"wp-image-1681\" \/><\/figure>","protected":false},"excerpt":{"rendered":"<p>En D\u00eda Mundial de la Prevenci\u00f3n del Suicidio impulsamos el lema \u00abCambiar la narrativa\u00bb, que tiene como objetivo derribar barreras, el estigma, crear conciencia y generar una cultura de comprensi\u00f3n y apoyo para prevenir el suicidio. Si vos o alguien que conozcas necesita ayuda respecto de esta problem\u00e1tica, pod\u00e9s llamar al 135. Tambi\u00e9n, te recordamos,&hellip;&nbsp;<a href=\"https:\/\/victoria.gob.ar\/es\/dia-mundial-para-la-prevencion-del-suicidio-%f0%9f%8e%97\/\" rel=\"bookmark\"><span class=\"screen-reader-text\">D\u00cdA MUNDIAL PARA LA PREVENCI\u00d3N DEL SUICIDIO &#x1f397;<\/span><\/a><\/p>\n","protected":false},"author":2,"featured_media":3010,"comment_status":"open","ping_status":"open","sticky":false,"template":"","format":"standard","meta":{"neve_meta_sidebar":"","neve_meta_container":"","neve_meta_enable_content_width":"","neve_meta_content_width":0,"neve_meta_title_alignment":"","neve_meta_author_avatar":"","neve_post_elements_order":"","neve_meta_disable_header":"","neve_meta_disable_footer":"","neve_meta_disable_title":"","footnotes":""},"categories":[1],"tags":[],"class_list":["post-3009","post","type-post","status-publish","format-standard","has-post-thumbnail","hentry","category-sin-categoria"],"_links":{"self":[{"href":"https:\/\/victoria.gob.ar\/es\/wp-json\/wp\/v2\/posts\/3009","targetHints":{"allow":["GET"]}}],"collection":[{"href":"https:\/\/victoria.gob.ar\/es\/wp-json\/wp\/v2\/posts"}],"about":[{"href":"https:\/\/victoria.gob.ar\/es\/wp-json\/wp\/v2\/types\/post"}],"author":[{"embeddable":true,"href":"https:\/\/victoria.gob.ar\/es\/wp-json\/wp\/v2\/users\/2"}],"replies":[{"embeddable":true,"href":"https:\/\/victoria.gob.ar\/es\/wp-json\/wp\/v2\/comments?post=3009"}],"version-history":[{"count":0,"href":"https:\/\/victoria.gob.ar\/es\/wp-json\/wp\/v2\/posts\/3009\/revisions"}],"wp:featuredmedia":[{"embeddable":true,"href":"https:\/\/victoria.gob.ar\/es\/wp-json\/wp\/v2\/media\/3010"}],"wp:attachment":[{"href":"https:\/\/victoria.gob.ar\/es\/wp-json\/wp\/v2\/media?parent=3009"}],"wp:term":[{"taxonomy":"category","embeddable":true,"href":"https:\/\/victoria.gob.ar\/es\/wp-json\/wp\/v2\/categories?post=3009"},{"taxonomy":"post_tag","embeddable":true,"href":"https:\/\/victoria.gob.ar\/es\/wp-json\/wp\/v2\/tags?post=3009"}],"curies":[{"name":"wp","href":"https:\/\/api.w.org\/{rel}","templated":true}]}}