{"id":2975,"date":"2025-09-09T15:09:28","date_gmt":"2025-09-09T15:09:28","guid":{"rendered":"http:\/\/victoria.gob.ar\/es\/la-copa-del-mundo-llega-a-victoria\/"},"modified":"2025-09-09T15:09:28","modified_gmt":"2025-09-09T15:09:28","slug":"la-copa-del-mundo-llega-a-victoria","status":"publish","type":"post","link":"https:\/\/victoria.gob.ar\/es\/la-copa-del-mundo-llega-a-victoria\/","title":{"rendered":"\u00a1LA COPA DEL MUNDO LLEGA A VICTORIA!"},"content":{"rendered":"<p>Este s\u00e1bado 13 de septiembre, en Playa Alta, vamos a vivir una experiencia \u00fanica: la exhibici\u00f3n de las r\u00e9plicas oficiales de la Copa del Mundo, la Copa Am\u00e9rica y la Copa Finalissima <img decoding=\"async\" src=\"https:\/\/s.w.org\/images\/core\/emoji\/16.0.1\/72x72\/1f3c6.png\" alt=\"&#x1f3c6;\" class=\"wp-smiley\" \/>.<\/p>\n<p>Un evento especial organizado por la Coordinaci\u00f3n de Deportes de la Municipalidad de Victoria, con la colaboraci\u00f3n de Parador El Sereno.<\/p>\n<p><img decoding=\"async\" src=\"https:\/\/s.w.org\/images\/core\/emoji\/16.0.1\/72x72\/1f4f8.png\" alt=\"&#x1f4f8;\" class=\"wp-smiley\" \/> Sacate fotos, compart\u00ed la pasi\u00f3n y reviv\u00ed los t\u00edtulos que hicieron historia.<\/p>\n<p>Entrada libre y gratuita.<\/p>\n<p>Tambi\u00e9n, habr\u00e1 feriantes y bandas desde las 11:00 h.<\/p>\n<p>\u00a1No te lo pierdas! <img decoding=\"async\" src=\"https:\/\/s.w.org\/images\/core\/emoji\/16.0.1\/72x72\/1f499.png\" alt=\"&#x1f499;\" class=\"wp-smiley\" \/><img decoding=\"async\" src=\"https:\/\/s.w.org\/images\/core\/emoji\/16.0.1\/72x72\/1f90d.png\" alt=\"&#x1f90d;\" class=\"wp-smiley\" \/><img decoding=\"async\" src=\"https:\/\/s.w.org\/images\/core\/emoji\/16.0.1\/72x72\/1f499.png\" alt=\"&#x1f499;\" class=\"wp-smiley\" \/><\/p>\n<p><img decoding=\"async\" src=\"https:\/\/s.w.org\/images\/core\/emoji\/16.0.1\/72x72\/2139.png\" alt=\"&#x2139;\" class=\"wp-smiley\" \/> En caso de lluvia el evento se realizar\u00e1 en el Cine Teatro Victoria (<img decoding=\"async\" src=\"https:\/\/s.w.org\/images\/core\/emoji\/16.0.1\/72x72\/1f4cd.png\" alt=\"&#x1f4cd;\" class=\"wp-smiley\" \/> Alem 64).<\/p>\n<figure class=\"wp-block-image size-large\"><img loading=\"lazy\" decoding=\"async\" width=\"819\" height=\"1024\" src=\"https:\/\/victoria.gob.ar\/prensa\/wp-content\/uploads\/2025\/09\/WhatsApp-Image-2025-09-09-at-10.14.31-819x1024.jpeg\" alt=\"\" class=\"wp-image-1621\" \/><\/figure>","protected":false},"excerpt":{"rendered":"<p>Este s\u00e1bado 13 de septiembre, en Playa Alta, vamos a vivir una experiencia \u00fanica: la exhibici\u00f3n de las r\u00e9plicas oficiales de la Copa del Mundo, la Copa Am\u00e9rica y la Copa Finalissima . Un evento especial organizado por la Coordinaci\u00f3n de Deportes de la Municipalidad de Victoria, con la colaboraci\u00f3n de Parador El Sereno. Sacate&hellip;&nbsp;<a href=\"https:\/\/victoria.gob.ar\/es\/la-copa-del-mundo-llega-a-victoria\/\" rel=\"bookmark\"><span class=\"screen-reader-text\">\u00a1LA COPA DEL MUNDO LLEGA A VICTORIA!<\/span><\/a><\/p>\n","protected":false},"author":2,"featured_media":2976,"comment_status":"open","ping_status":"open","sticky":false,"template":"","format":"standard","meta":{"neve_meta_sidebar":"","neve_meta_container":"","neve_meta_enable_content_width":"","neve_meta_content_width":0,"neve_meta_title_alignment":"","neve_meta_author_avatar":"","neve_post_elements_order":"","neve_meta_disable_header":"","neve_meta_disable_footer":"","neve_meta_disable_title":"","footnotes":""},"categories":[1],"tags":[],"class_list":["post-2975","post","type-post","status-publish","format-standard","has-post-thumbnail","hentry","category-sin-categoria"],"_links":{"self":[{"href":"https:\/\/victoria.gob.ar\/es\/wp-json\/wp\/v2\/posts\/2975","targetHints":{"allow":["GET"]}}],"collection":[{"href":"https:\/\/victoria.gob.ar\/es\/wp-json\/wp\/v2\/posts"}],"about":[{"href":"https:\/\/victoria.gob.ar\/es\/wp-json\/wp\/v2\/types\/post"}],"author":[{"embeddable":true,"href":"https:\/\/victoria.gob.ar\/es\/wp-json\/wp\/v2\/users\/2"}],"replies":[{"embeddable":true,"href":"https:\/\/victoria.gob.ar\/es\/wp-json\/wp\/v2\/comments?post=2975"}],"version-history":[{"count":0,"href":"https:\/\/victoria.gob.ar\/es\/wp-json\/wp\/v2\/posts\/2975\/revisions"}],"wp:featuredmedia":[{"embeddable":true,"href":"https:\/\/victoria.gob.ar\/es\/wp-json\/wp\/v2\/media\/2976"}],"wp:attachment":[{"href":"https:\/\/victoria.gob.ar\/es\/wp-json\/wp\/v2\/media?parent=2975"}],"wp:term":[{"taxonomy":"category","embeddable":true,"href":"https:\/\/victoria.gob.ar\/es\/wp-json\/wp\/v2\/categories?post=2975"},{"taxonomy":"post_tag","embeddable":true,"href":"https:\/\/victoria.gob.ar\/es\/wp-json\/wp\/v2\/tags?post=2975"}],"curies":[{"name":"wp","href":"https:\/\/api.w.org\/{rel}","templated":true}]}}