{"id":2888,"date":"2025-08-27T16:01:30","date_gmt":"2025-08-27T16:01:30","guid":{"rendered":"http:\/\/victoria.gob.ar\/es\/torneo-de-ajedrez\/"},"modified":"2025-08-27T16:01:30","modified_gmt":"2025-08-27T16:01:30","slug":"torneo-de-ajedrez","status":"publish","type":"post","link":"https:\/\/victoria.gob.ar\/es\/torneo-de-ajedrez\/","title":{"rendered":"TORNEO DE AJEDREZ"},"content":{"rendered":"<p>Ayer se vio una jornada incre\u00edble en el Festival de la Juventud 2025 organizado por la Municipalidad de Victoria. El primer Torneo de Ajedrez reuni\u00f3 a jugadores en un clima de respeto, concentraci\u00f3n y mucho nivel de juego.<\/p>\n<p>La municipalidad agradece a la Escuela Sec. Nro. 4 \u201cElsa Capatto de Trucco\u201d por abrir sus puertas y a los \u00e1rbitros Maximiliano Cardozo, Mateo Guibe y Mateo Saavedra por acompa\u00f1ar esta gran experiencia.<\/p>\n<p>El ajedrez une, desaf\u00eda y potencia a nuestros j\u00f3venes.<\/p>\n<figure class=\"wp-block-gallery has-nested-images columns-default is-cropped wp-block-gallery-1 is-layout-flex wp-block-gallery-is-layout-flex\">\n<figure class=\"wp-block-image size-large\"><img loading=\"lazy\" decoding=\"async\" width=\"1024\" height=\"768\" data-id=\"1546\" src=\"https:\/\/victoria.gob.ar\/prensa\/wp-content\/uploads\/2025\/08\/WhatsApp-Image-2025-08-27-at-12.57.29-1024x768.jpeg\" alt=\"\" class=\"wp-image-1546\" \/><\/figure>\n<figure class=\"wp-block-image size-large\"><img loading=\"lazy\" decoding=\"async\" width=\"1024\" height=\"773\" data-id=\"1543\" src=\"https:\/\/victoria.gob.ar\/prensa\/wp-content\/uploads\/2025\/08\/WhatsApp-Image-2025-08-27-at-12.57.30-1024x773.jpeg\" alt=\"\" class=\"wp-image-1543\" \/><\/figure>\n<figure class=\"wp-block-image size-large\"><img loading=\"lazy\" decoding=\"async\" width=\"1024\" height=\"768\" data-id=\"1542\" src=\"https:\/\/victoria.gob.ar\/prensa\/wp-content\/uploads\/2025\/08\/WhatsApp-Image-2025-08-27-at-12.57.30-1-1024x768.jpeg\" alt=\"\" class=\"wp-image-1542\" \/><\/figure>\n<figure class=\"wp-block-image size-large\"><img decoding=\"async\" loading=\"lazy\" width=\"1024\" height=\"768\" data-id=\"1547\" src=\"https:\/\/victoria.gob.ar\/prensa\/wp-content\/uploads\/2025\/08\/WhatsApp-Image-2025-08-27-at-12.57.30-2-1024x768.jpeg\" alt=\"\" class=\"wp-image-1547\" \/><\/figure>\n<figure class=\"wp-block-image size-large\"><img decoding=\"async\" loading=\"lazy\" width=\"1024\" height=\"768\" data-id=\"1544\" src=\"https:\/\/victoria.gob.ar\/prensa\/wp-content\/uploads\/2025\/08\/WhatsApp-Image-2025-08-27-at-12.57.30-3-1024x768.jpeg\" alt=\"\" class=\"wp-image-1544\" \/><\/figure>\n<figure class=\"wp-block-image size-large\"><img decoding=\"async\" loading=\"lazy\" width=\"1024\" height=\"768\" data-id=\"1550\" src=\"https:\/\/victoria.gob.ar\/prensa\/wp-content\/uploads\/2025\/08\/WhatsApp-Image-2025-08-27-at-12.57.31-1024x768.jpeg\" alt=\"\" class=\"wp-image-1550\" \/><\/figure>\n<figure class=\"wp-block-image size-large\"><img decoding=\"async\" loading=\"lazy\" width=\"1024\" height=\"768\" data-id=\"1552\" src=\"https:\/\/victoria.gob.ar\/prensa\/wp-content\/uploads\/2025\/08\/WhatsApp-Image-2025-08-27-at-12.57.31-1-1024x768.jpeg\" alt=\"\" class=\"wp-image-1552\" \/><\/figure>\n<figure class=\"wp-block-image size-large\"><img decoding=\"async\" loading=\"lazy\" width=\"1024\" height=\"768\" data-id=\"1555\" src=\"https:\/\/victoria.gob.ar\/prensa\/wp-content\/uploads\/2025\/08\/WhatsApp-Image-2025-08-27-at-12.57.31-2-1024x768.jpeg\" alt=\"\" class=\"wp-image-1555\" \/><\/figure>\n<figure class=\"wp-block-image size-large\"><img decoding=\"async\" loading=\"lazy\" width=\"1024\" height=\"768\" data-id=\"1548\" src=\"https:\/\/victoria.gob.ar\/prensa\/wp-content\/uploads\/2025\/08\/WhatsApp-Image-2025-08-27-at-12.57.32-1024x768.jpeg\" alt=\"\" class=\"wp-image-1548\" \/><\/figure>\n<figure class=\"wp-block-image size-large\"><img decoding=\"async\" loading=\"lazy\" width=\"1024\" height=\"773\" data-id=\"1553\" src=\"https:\/\/victoria.gob.ar\/prensa\/wp-content\/uploads\/2025\/08\/WhatsApp-Image-2025-08-27-at-12.57.32-1-1024x773.jpeg\" alt=\"\" class=\"wp-image-1553\" \/><\/figure>\n<figure class=\"wp-block-image size-large\"><img decoding=\"async\" loading=\"lazy\" width=\"1024\" height=\"768\" data-id=\"1545\" src=\"https:\/\/victoria.gob.ar\/prensa\/wp-content\/uploads\/2025\/08\/WhatsApp-Image-2025-08-27-at-12.57.32-2-1024x768.jpeg\" alt=\"\" class=\"wp-image-1545\" \/><\/figure>\n<figure class=\"wp-block-image size-large\"><img decoding=\"async\" loading=\"lazy\" width=\"1024\" height=\"768\" data-id=\"1549\" src=\"https:\/\/victoria.gob.ar\/prensa\/wp-content\/uploads\/2025\/08\/WhatsApp-Image-2025-08-27-at-12.57.33-1024x768.jpeg\" alt=\"\" class=\"wp-image-1549\" \/><\/figure>\n<figure class=\"wp-block-image size-large\"><img decoding=\"async\" loading=\"lazy\" width=\"1024\" height=\"773\" data-id=\"1551\" src=\"https:\/\/victoria.gob.ar\/prensa\/wp-content\/uploads\/2025\/08\/WhatsApp-Image-2025-08-27-at-12.57.33-1-1024x773.jpeg\" alt=\"\" class=\"wp-image-1551\" \/><\/figure>\n<figure class=\"wp-block-image size-large\"><img decoding=\"async\" loading=\"lazy\" width=\"1024\" height=\"768\" data-id=\"1554\" src=\"https:\/\/victoria.gob.ar\/prensa\/wp-content\/uploads\/2025\/08\/WhatsApp-Image-2025-08-27-at-12.57.33-2-1024x768.jpeg\" alt=\"\" class=\"wp-image-1554\" \/><\/figure>\n<\/figure>","protected":false},"excerpt":{"rendered":"<p>Ayer se vio una jornada incre\u00edble en el Festival de la Juventud 2025 organizado por la Municipalidad de Victoria. El primer Torneo de Ajedrez reuni\u00f3 a jugadores en un clima de respeto, concentraci\u00f3n y mucho nivel de juego. La municipalidad agradece a la Escuela Sec. Nro. 4 \u201cElsa Capatto de Trucco\u201d por abrir sus puertas&hellip;&nbsp;<a href=\"https:\/\/victoria.gob.ar\/es\/torneo-de-ajedrez\/\" rel=\"bookmark\"><span class=\"screen-reader-text\">TORNEO DE AJEDREZ<\/span><\/a><\/p>\n","protected":false},"author":2,"featured_media":2889,"comment_status":"open","ping_status":"open","sticky":false,"template":"","format":"standard","meta":{"neve_meta_sidebar":"","neve_meta_container":"","neve_meta_enable_content_width":"","neve_meta_content_width":0,"neve_meta_title_alignment":"","neve_meta_author_avatar":"","neve_post_elements_order":"","neve_meta_disable_header":"","neve_meta_disable_footer":"","neve_meta_disable_title":"","footnotes":""},"categories":[1],"tags":[],"class_list":["post-2888","post","type-post","status-publish","format-standard","has-post-thumbnail","hentry","category-sin-categoria"],"_links":{"self":[{"href":"https:\/\/victoria.gob.ar\/es\/wp-json\/wp\/v2\/posts\/2888","targetHints":{"allow":["GET"]}}],"collection":[{"href":"https:\/\/victoria.gob.ar\/es\/wp-json\/wp\/v2\/posts"}],"about":[{"href":"https:\/\/victoria.gob.ar\/es\/wp-json\/wp\/v2\/types\/post"}],"author":[{"embeddable":true,"href":"https:\/\/victoria.gob.ar\/es\/wp-json\/wp\/v2\/users\/2"}],"replies":[{"embeddable":true,"href":"https:\/\/victoria.gob.ar\/es\/wp-json\/wp\/v2\/comments?post=2888"}],"version-history":[{"count":0,"href":"https:\/\/victoria.gob.ar\/es\/wp-json\/wp\/v2\/posts\/2888\/revisions"}],"wp:featuredmedia":[{"embeddable":true,"href":"https:\/\/victoria.gob.ar\/es\/wp-json\/wp\/v2\/media\/2889"}],"wp:attachment":[{"href":"https:\/\/victoria.gob.ar\/es\/wp-json\/wp\/v2\/media?parent=2888"}],"wp:term":[{"taxonomy":"category","embeddable":true,"href":"https:\/\/victoria.gob.ar\/es\/wp-json\/wp\/v2\/categories?post=2888"},{"taxonomy":"post_tag","embeddable":true,"href":"https:\/\/victoria.gob.ar\/es\/wp-json\/wp\/v2\/tags?post=2888"}],"curies":[{"name":"wp","href":"https:\/\/api.w.org\/{rel}","templated":true}]}}