{"id":2870,"date":"2025-08-22T15:17:51","date_gmt":"2025-08-22T15:17:51","guid":{"rendered":"http:\/\/victoria.gob.ar\/es\/celebracion-del-dia-del-nino\/"},"modified":"2025-08-22T15:17:51","modified_gmt":"2025-08-22T15:17:51","slug":"celebracion-del-dia-del-nino","status":"publish","type":"post","link":"https:\/\/victoria.gob.ar\/es\/celebracion-del-dia-del-nino\/","title":{"rendered":"CELEBRACI\u00d3N DEL D\u00cdA DEL NI\u00d1O"},"content":{"rendered":"<p><img decoding=\"async\" src=\"https:\/\/s.w.org\/images\/core\/emoji\/16.0.1\/72x72\/231a.png\" alt=\"&#x231a;\" class=\"wp-smiley\" \/> De 15:00 a 17:30 h<br \/><img decoding=\"async\" src=\"https:\/\/s.w.org\/images\/core\/emoji\/16.0.1\/72x72\/1f4cd.png\" alt=\"&#x1f4cd;\" class=\"wp-smiley\" \/> Parque de Zona Puerto<br \/><img decoding=\"async\" src=\"https:\/\/s.w.org\/images\/core\/emoji\/16.0.1\/72x72\/1f5d3.png\" alt=\"&#x1f5d3;\" class=\"wp-smiley\" \/> S\u00e1bado 30<\/p>\n<p>\u00a1Vamos a vivir una tarde inolvidable junto a nuestros ni\u00f1os!<\/p>\n<ul class=\"wp-block-list\">\n<li>Actividades de cocineritos<\/li>\n<li>Isla de experimentos<\/li>\n<li>Talleres culturales<\/li>\n<li>Juegos kermesse<\/li>\n<li>Deportes<\/li>\n<li>Parque de inflables<\/li>\n<li>Show de circo<\/li>\n<li>Sorteos<\/li>\n<li>Plaza blanda para los m\u00e1s peque\u00f1os<\/li>\n<\/ul>\n<p>\u00a1Tra\u00e9 tu taza! Vamos a compartir una merienda.<\/p>\n<p>Adem\u00e1s: <img decoding=\"async\" src=\"https:\/\/s.w.org\/images\/core\/emoji\/16.0.1\/72x72\/1f68c.png\" alt=\"&#x1f68c;\" class=\"wp-smiley\" \/> \u00a1el TUM te lleva gratis!<\/p>\n<p>Las l\u00edneas Naranja y Verde partir\u00e1n desde sus cabeceras habituales a las 14:00 y 15:00 h con destino al predio de la Vieja Estaci\u00f3n.<\/p>\n<p>Regresar\u00e1n con salida desde la Vieja Estaci\u00f3n a las 17:30 y 18:30 h, y realizar\u00e1n sus recorridos normales.<\/p>\n<figure class=\"wp-block-image size-large\"><img loading=\"lazy\" decoding=\"async\" width=\"819\" height=\"1024\" src=\"https:\/\/victoria.gob.ar\/prensa\/wp-content\/uploads\/2025\/08\/WhatsApp-Image-2025-08-22-at-12.13.53-1-819x1024.jpeg\" alt=\"\" class=\"wp-image-1479\" \/><\/figure>\n<figure class=\"wp-block-image size-large\"><img loading=\"lazy\" decoding=\"async\" width=\"819\" height=\"1024\" src=\"https:\/\/victoria.gob.ar\/prensa\/wp-content\/uploads\/2025\/08\/nino-819x1024.jpeg\" alt=\"\" class=\"wp-image-1481\" \/><\/figure>","protected":false},"excerpt":{"rendered":"<p>De 15:00 a 17:30 h Parque de Zona Puerto S\u00e1bado 30 \u00a1Vamos a vivir una tarde inolvidable junto a nuestros ni\u00f1os! Actividades de cocineritos Isla de experimentos Talleres culturales Juegos kermesse Deportes Parque de inflables Show de circo Sorteos Plaza blanda para los m\u00e1s peque\u00f1os \u00a1Tra\u00e9 tu taza! Vamos a compartir una merienda. Adem\u00e1s: \u00a1el&hellip;&nbsp;<a href=\"https:\/\/victoria.gob.ar\/es\/celebracion-del-dia-del-nino\/\" rel=\"bookmark\"><span class=\"screen-reader-text\">CELEBRACI\u00d3N DEL D\u00cdA DEL NI\u00d1O<\/span><\/a><\/p>\n","protected":false},"author":2,"featured_media":2871,"comment_status":"open","ping_status":"open","sticky":false,"template":"","format":"standard","meta":{"neve_meta_sidebar":"","neve_meta_container":"","neve_meta_enable_content_width":"","neve_meta_content_width":0,"neve_meta_title_alignment":"","neve_meta_author_avatar":"","neve_post_elements_order":"","neve_meta_disable_header":"","neve_meta_disable_footer":"","neve_meta_disable_title":"","footnotes":""},"categories":[1],"tags":[],"class_list":["post-2870","post","type-post","status-publish","format-standard","has-post-thumbnail","hentry","category-sin-categoria"],"_links":{"self":[{"href":"https:\/\/victoria.gob.ar\/es\/wp-json\/wp\/v2\/posts\/2870","targetHints":{"allow":["GET"]}}],"collection":[{"href":"https:\/\/victoria.gob.ar\/es\/wp-json\/wp\/v2\/posts"}],"about":[{"href":"https:\/\/victoria.gob.ar\/es\/wp-json\/wp\/v2\/types\/post"}],"author":[{"embeddable":true,"href":"https:\/\/victoria.gob.ar\/es\/wp-json\/wp\/v2\/users\/2"}],"replies":[{"embeddable":true,"href":"https:\/\/victoria.gob.ar\/es\/wp-json\/wp\/v2\/comments?post=2870"}],"version-history":[{"count":0,"href":"https:\/\/victoria.gob.ar\/es\/wp-json\/wp\/v2\/posts\/2870\/revisions"}],"wp:featuredmedia":[{"embeddable":true,"href":"https:\/\/victoria.gob.ar\/es\/wp-json\/wp\/v2\/media\/2871"}],"wp:attachment":[{"href":"https:\/\/victoria.gob.ar\/es\/wp-json\/wp\/v2\/media?parent=2870"}],"wp:term":[{"taxonomy":"category","embeddable":true,"href":"https:\/\/victoria.gob.ar\/es\/wp-json\/wp\/v2\/categories?post=2870"},{"taxonomy":"post_tag","embeddable":true,"href":"https:\/\/victoria.gob.ar\/es\/wp-json\/wp\/v2\/tags?post=2870"}],"curies":[{"name":"wp","href":"https:\/\/api.w.org\/{rel}","templated":true}]}}