{"id":2812,"date":"2025-08-13T01:08:04","date_gmt":"2025-08-13T01:08:04","guid":{"rendered":"http:\/\/victoria.gob.ar\/es\/reunion-cerrada-de-alcoholicos-anonimos-en-victoria\/"},"modified":"2025-08-13T01:08:04","modified_gmt":"2025-08-13T01:08:04","slug":"reunion-cerrada-de-alcoholicos-anonimos-en-victoria","status":"publish","type":"post","link":"https:\/\/victoria.gob.ar\/es\/reunion-cerrada-de-alcoholicos-anonimos-en-victoria\/","title":{"rendered":"REUNI\u00d3N CERRADA DE ALCOH\u00d3LICOS AN\u00d3NIMOS EN VICTORIA"},"content":{"rendered":"<p>S\u00e1bado 16 de agosto<br \/>19:30 h<br \/>Sala Parroquial (Parroquia Bas\u00edlica Nuestra Se\u00f1ora de Ar\u00e1nzazu)<\/p>\n<p>Reuni\u00f3n cerrada coordinada desde el \u00c1rea de Salud Mental Comunitaria.<\/p>\n<p>Este encuentro est\u00e1 dirigido a personas que padezcan cualquier tipo de consumo problem\u00e1tico y deseen acercarse a un espacio de contenci\u00f3n que lo comprenda, empatice y acompa\u00f1e en esta dif\u00edcil problem\u00e1tica.<\/p>\n<figure class=\"wp-block-image size-large\"><img loading=\"lazy\" decoding=\"async\" width=\"819\" height=\"1024\" src=\"https:\/\/victoria.gob.ar\/prensa\/wp-content\/uploads\/2025\/08\/WhatsApp-Image-2025-08-11-at-12.28.19-1-819x1024.jpeg\" alt=\"\" class=\"wp-image-1438\" \/><\/figure>","protected":false},"excerpt":{"rendered":"<p>S\u00e1bado 16 de agosto19:30 hSala Parroquial (Parroquia Bas\u00edlica Nuestra Se\u00f1ora de Ar\u00e1nzazu) Reuni\u00f3n cerrada coordinada desde el \u00c1rea de Salud Mental Comunitaria. Este encuentro est\u00e1 dirigido a personas que padezcan cualquier tipo de consumo problem\u00e1tico y deseen acercarse a un espacio de contenci\u00f3n que lo comprenda, empatice y acompa\u00f1e en esta dif\u00edcil problem\u00e1tica.<\/p>\n","protected":false},"author":2,"featured_media":2813,"comment_status":"open","ping_status":"open","sticky":false,"template":"","format":"standard","meta":{"neve_meta_sidebar":"","neve_meta_container":"","neve_meta_enable_content_width":"","neve_meta_content_width":0,"neve_meta_title_alignment":"","neve_meta_author_avatar":"","neve_post_elements_order":"","neve_meta_disable_header":"","neve_meta_disable_footer":"","neve_meta_disable_title":"","footnotes":""},"categories":[1],"tags":[],"class_list":["post-2812","post","type-post","status-publish","format-standard","has-post-thumbnail","hentry","category-sin-categoria"],"_links":{"self":[{"href":"https:\/\/victoria.gob.ar\/es\/wp-json\/wp\/v2\/posts\/2812","targetHints":{"allow":["GET"]}}],"collection":[{"href":"https:\/\/victoria.gob.ar\/es\/wp-json\/wp\/v2\/posts"}],"about":[{"href":"https:\/\/victoria.gob.ar\/es\/wp-json\/wp\/v2\/types\/post"}],"author":[{"embeddable":true,"href":"https:\/\/victoria.gob.ar\/es\/wp-json\/wp\/v2\/users\/2"}],"replies":[{"embeddable":true,"href":"https:\/\/victoria.gob.ar\/es\/wp-json\/wp\/v2\/comments?post=2812"}],"version-history":[{"count":0,"href":"https:\/\/victoria.gob.ar\/es\/wp-json\/wp\/v2\/posts\/2812\/revisions"}],"wp:featuredmedia":[{"embeddable":true,"href":"https:\/\/victoria.gob.ar\/es\/wp-json\/wp\/v2\/media\/2813"}],"wp:attachment":[{"href":"https:\/\/victoria.gob.ar\/es\/wp-json\/wp\/v2\/media?parent=2812"}],"wp:term":[{"taxonomy":"category","embeddable":true,"href":"https:\/\/victoria.gob.ar\/es\/wp-json\/wp\/v2\/categories?post=2812"},{"taxonomy":"post_tag","embeddable":true,"href":"https:\/\/victoria.gob.ar\/es\/wp-json\/wp\/v2\/tags?post=2812"}],"curies":[{"name":"wp","href":"https:\/\/api.w.org\/{rel}","templated":true}]}}