{"id":2795,"date":"2025-08-11T11:25:50","date_gmt":"2025-08-11T11:25:50","guid":{"rendered":"http:\/\/victoria.gob.ar\/es\/celebramos-los-108-anos-de-la-escuela-municipal-de-musica-justo-jose-de-urquiza\/"},"modified":"2025-08-11T11:25:50","modified_gmt":"2025-08-11T11:25:50","slug":"celebramos-los-108-anos-de-la-escuela-municipal-de-musica-justo-jose-de-urquiza","status":"publish","type":"post","link":"https:\/\/victoria.gob.ar\/es\/celebramos-los-108-anos-de-la-escuela-municipal-de-musica-justo-jose-de-urquiza\/","title":{"rendered":"CELEBRAMOS LOS 108 A\u00d1OS DE LA ESCUELA MUNICIPAL DE M\u00daSICA \u00abJUSTO JOS\u00c9 DE URQUIZA\u00bb"},"content":{"rendered":"<p>Ayer se celebraron los 108 a\u00f1os de la Escuela Municipal de M\u00fasica \u00abJusto Jos\u00e9 de Urquiza\u00bb. Se realiz\u00f3 un acto protocolar y un concierto did\u00e1ctico entre estudiantes y la Banda Municipal de M\u00fasica \u00abSebasti\u00e1n Ingrao\u00bb.<\/p>\n<p>Nuestra intendente, Isa Castagnino, celebr\u00f3 el nuevo aniversario de la instituci\u00f3n educativa y destac\u00f3 la relaci\u00f3n con la querida banda.<\/p>\n<p>Asimismo, se brindaron distinciones honor\u00edficas a Gustavo Esquivel, Jorge Escobar, Jos\u00e9 Risoglio, Lorenzo Copello, Sergio Mansilla, Gabriel Moreno, Daniel Zapata, Miguel Colazo, Jorge Andino, Luis Lezcano y Pedro Salcedo por su recorrido art\u00edstico y legado para la instituci\u00f3n. Incluso, se entregaron diplomas de reconocimiento a ex empleados del antiguo hogar escuela.<\/p>\n<p>Por otro lado, se recibi\u00f3 un valioso obsequio del artista Gabriel Calabrese, quien convocado por el coordinador de la escuela, don\u00f3 una obra de su autor\u00eda.<\/p>\n<p>Desde la municipalidad se agradece y felicita a toda la comunidad educativa de la Escuela Municipal de M\u00fasica \u00abJusto Jos\u00e9 de Urquiza\u00bb, que d\u00eda a d\u00eda llevan adelante esta instituci\u00f3n tan querida por los victorienses.<\/p>\n<p><img decoding=\"async\" src=\"https:\/\/s.w.org\/images\/core\/emoji\/16.0.1\/72x72\/1f4f8.png\" alt=\"&#x1f4f8;\" class=\"wp-smiley\" \/> Mir\u00e1 todas las fotos a trav\u00e9s del siguiente enlace:<\/p>\n<p><a href=\"https:\/\/photos.app.goo.gl\/wRzh2Q1ANmLQUt2o7\">https:\/\/photos.app.goo.gl\/wRzh2Q1ANmLQUt2o7<\/a><\/p>\n<figure class=\"wp-block-gallery has-nested-images columns-default is-cropped wp-block-gallery-1 is-layout-flex wp-block-gallery-is-layout-flex\">\n<figure class=\"wp-block-image size-large\"><img loading=\"lazy\" decoding=\"async\" width=\"1024\" height=\"683\" data-id=\"1422\" src=\"https:\/\/victoria.gob.ar\/prensa\/wp-content\/uploads\/2025\/08\/WhatsApp-Image-2025-08-09-at-15.08.58-1024x683.jpeg\" alt=\"\" class=\"wp-image-1422\" \/><\/figure>\n<figure class=\"wp-block-image size-large\"><img loading=\"lazy\" decoding=\"async\" width=\"1024\" height=\"683\" data-id=\"1428\" src=\"https:\/\/victoria.gob.ar\/prensa\/wp-content\/uploads\/2025\/08\/WhatsApp-Image-2025-08-09-at-15.08.57-2-1024x683.jpeg\" alt=\"\" class=\"wp-image-1428\" \/><\/figure>\n<figure class=\"wp-block-image size-large\"><img decoding=\"async\" loading=\"lazy\" width=\"1024\" height=\"683\" data-id=\"1426\" src=\"https:\/\/victoria.gob.ar\/prensa\/wp-content\/uploads\/2025\/08\/WhatsApp-Image-2025-08-09-at-15.08.57-1-1024x683.jpeg\" alt=\"\" class=\"wp-image-1426\" \/><\/figure>\n<figure class=\"wp-block-image size-large\"><img decoding=\"async\" loading=\"lazy\" width=\"1024\" height=\"683\" data-id=\"1420\" src=\"https:\/\/victoria.gob.ar\/prensa\/wp-content\/uploads\/2025\/08\/WhatsApp-Image-2025-08-09-at-15.08.57-1024x683.jpeg\" alt=\"\" class=\"wp-image-1420\" \/><\/figure>\n<figure class=\"wp-block-image size-large\"><img decoding=\"async\" loading=\"lazy\" width=\"1024\" height=\"683\" data-id=\"1424\" src=\"https:\/\/victoria.gob.ar\/prensa\/wp-content\/uploads\/2025\/08\/WhatsApp-Image-2025-08-09-at-15.08.56-2-1024x683.jpeg\" alt=\"\" class=\"wp-image-1424\" \/><\/figure>\n<figure class=\"wp-block-image size-large\"><img decoding=\"async\" loading=\"lazy\" width=\"1024\" height=\"683\" data-id=\"1421\" src=\"https:\/\/victoria.gob.ar\/prensa\/wp-content\/uploads\/2025\/08\/WhatsApp-Image-2025-08-09-at-15.08.56-1-1024x683.jpeg\" alt=\"\" class=\"wp-image-1421\" \/><\/figure>\n<figure class=\"wp-block-image size-large\"><img decoding=\"async\" loading=\"lazy\" width=\"1024\" height=\"683\" data-id=\"1419\" src=\"https:\/\/victoria.gob.ar\/prensa\/wp-content\/uploads\/2025\/08\/WhatsApp-Image-2025-08-09-at-15.08.56-1024x683.jpeg\" alt=\"\" class=\"wp-image-1419\" \/><\/figure>\n<figure class=\"wp-block-image size-large\"><img decoding=\"async\" loading=\"lazy\" width=\"1024\" height=\"683\" data-id=\"1423\" src=\"https:\/\/victoria.gob.ar\/prensa\/wp-content\/uploads\/2025\/08\/WhatsApp-Image-2025-08-09-at-15.08.55-2-1024x683.jpeg\" alt=\"\" class=\"wp-image-1423\" \/><\/figure>\n<figure class=\"wp-block-image size-large\"><img decoding=\"async\" loading=\"lazy\" width=\"1024\" height=\"683\" data-id=\"1425\" src=\"https:\/\/victoria.gob.ar\/prensa\/wp-content\/uploads\/2025\/08\/WhatsApp-Image-2025-08-09-at-15.08.55-1-1024x683.jpeg\" alt=\"\" class=\"wp-image-1425\" \/><\/figure>\n<figure class=\"wp-block-image size-large\"><img decoding=\"async\" loading=\"lazy\" width=\"1024\" height=\"683\" data-id=\"1427\" src=\"https:\/\/victoria.gob.ar\/prensa\/wp-content\/uploads\/2025\/08\/WhatsApp-Image-2025-08-09-at-15.08.55-1024x683.jpeg\" alt=\"\" class=\"wp-image-1427\" \/><\/figure>\n<\/figure>","protected":false},"excerpt":{"rendered":"<p>Ayer se celebraron los 108 a\u00f1os de la Escuela Municipal de M\u00fasica \u00abJusto Jos\u00e9 de Urquiza\u00bb. Se realiz\u00f3 un acto protocolar y un concierto did\u00e1ctico entre estudiantes y la Banda Municipal de M\u00fasica \u00abSebasti\u00e1n Ingrao\u00bb. Nuestra intendente, Isa Castagnino, celebr\u00f3 el nuevo aniversario de la instituci\u00f3n educativa y destac\u00f3 la relaci\u00f3n con la querida banda.&hellip;&nbsp;<a href=\"https:\/\/victoria.gob.ar\/es\/celebramos-los-108-anos-de-la-escuela-municipal-de-musica-justo-jose-de-urquiza\/\" rel=\"bookmark\"><span class=\"screen-reader-text\">CELEBRAMOS LOS 108 A\u00d1OS DE LA ESCUELA MUNICIPAL DE M\u00daSICA \u00abJUSTO JOS\u00c9 DE URQUIZA\u00bb<\/span><\/a><\/p>\n","protected":false},"author":2,"featured_media":2796,"comment_status":"open","ping_status":"open","sticky":false,"template":"","format":"standard","meta":{"neve_meta_sidebar":"","neve_meta_container":"","neve_meta_enable_content_width":"","neve_meta_content_width":0,"neve_meta_title_alignment":"","neve_meta_author_avatar":"","neve_post_elements_order":"","neve_meta_disable_header":"","neve_meta_disable_footer":"","neve_meta_disable_title":"","footnotes":""},"categories":[1],"tags":[],"class_list":["post-2795","post","type-post","status-publish","format-standard","has-post-thumbnail","hentry","category-sin-categoria"],"_links":{"self":[{"href":"https:\/\/victoria.gob.ar\/es\/wp-json\/wp\/v2\/posts\/2795","targetHints":{"allow":["GET"]}}],"collection":[{"href":"https:\/\/victoria.gob.ar\/es\/wp-json\/wp\/v2\/posts"}],"about":[{"href":"https:\/\/victoria.gob.ar\/es\/wp-json\/wp\/v2\/types\/post"}],"author":[{"embeddable":true,"href":"https:\/\/victoria.gob.ar\/es\/wp-json\/wp\/v2\/users\/2"}],"replies":[{"embeddable":true,"href":"https:\/\/victoria.gob.ar\/es\/wp-json\/wp\/v2\/comments?post=2795"}],"version-history":[{"count":0,"href":"https:\/\/victoria.gob.ar\/es\/wp-json\/wp\/v2\/posts\/2795\/revisions"}],"wp:featuredmedia":[{"embeddable":true,"href":"https:\/\/victoria.gob.ar\/es\/wp-json\/wp\/v2\/media\/2796"}],"wp:attachment":[{"href":"https:\/\/victoria.gob.ar\/es\/wp-json\/wp\/v2\/media?parent=2795"}],"wp:term":[{"taxonomy":"category","embeddable":true,"href":"https:\/\/victoria.gob.ar\/es\/wp-json\/wp\/v2\/categories?post=2795"},{"taxonomy":"post_tag","embeddable":true,"href":"https:\/\/victoria.gob.ar\/es\/wp-json\/wp\/v2\/tags?post=2795"}],"curies":[{"name":"wp","href":"https:\/\/api.w.org\/{rel}","templated":true}]}}