{"id":2781,"date":"2025-08-06T15:13:43","date_gmt":"2025-08-06T15:13:43","guid":{"rendered":"http:\/\/victoria.gob.ar\/es\/obras-viales\/"},"modified":"2025-08-06T15:13:43","modified_gmt":"2025-08-06T15:13:43","slug":"obras-viales","status":"publish","type":"post","link":"https:\/\/victoria.gob.ar\/es\/obras-viales\/","title":{"rendered":"OBRAS VIALES"},"content":{"rendered":"<p><img decoding=\"async\" src=\"https:\/\/s.w.org\/images\/core\/emoji\/16.0.1\/72x72\/2705.png\" alt=\"&#x2705;\" class=\"wp-smiley\" \/> Bacheo intensivo en Gral. Hornos. La Municipalidad de Victoria avanza desde calle Italia hasta Bartoloni, reparando los sectores m\u00e1s da\u00f1ados.<\/p>\n<p><img decoding=\"async\" src=\"https:\/\/s.w.org\/images\/core\/emoji\/16.0.1\/72x72\/2705.png\" alt=\"&#x2705;\" class=\"wp-smiley\" \/> Reparaci\u00f3n de losa en Espa\u00f1a y Per\u00f3n. Se est\u00e1 arreglando este cruce para garantizar una circulaci\u00f3n m\u00e1s segura.<\/p>\n<p><img decoding=\"async\" src=\"https:\/\/s.w.org\/images\/core\/emoji\/16.0.1\/72x72\/2705.png\" alt=\"&#x2705;\" class=\"wp-smiley\" \/> Entubamiento del desag\u00fce en S\u00e1nchez Mathar\u00e1n. Una obra posible gracias al esfuerzo conjunto de la municipalidad y los vecinos, que aportaron los materiales necesarios. Esta canalizaci\u00f3n permitir\u00e1 un mejor escurrimiento del agua y evitar\u00e1 anegamientos.<\/p>\n<p><img decoding=\"async\" src=\"https:\/\/s.w.org\/images\/core\/emoji\/16.0.1\/72x72\/2139.png\" alt=\"&#x2139;\" class=\"wp-smiley\" \/> Asimismo, se progresa en:<\/p>\n<ul class=\"wp-block-list\">\n<li>Reparaci\u00f3n de losa en 9 de julio e\/Per\u00f3n y Piaggio, hist\u00f3rica rotura que da\u00f1aba las casas.<\/li>\n<li>Continuaci\u00f3n de cord\u00f3n cuneta en Sgto. G\u00f3mez e\/Viamonte y Cnel. Su\u00e1rez; continuaci\u00f3n de cord\u00f3n cuneta y badenes en Passo y Las Piedras.<\/li>\n<li>Repaso de calles en Barrio Abad\u00eda y Quinto Cuartel.<\/li>\n<li>Construcci\u00f3n de c\u00e1mara para cloaca en Barrio Don Gregorio. Adem\u00e1s, se contin\u00faan conectando vecinos a nuestra red de agua y cloaca.<\/li>\n<\/ul>\n<p>Victoria, #MiCiudadQuerida <img decoding=\"async\" src=\"https:\/\/s.w.org\/images\/core\/emoji\/16.0.1\/72x72\/1fa75.png\" alt=\"&#x1fa75;\" class=\"wp-smiley\" \/><\/p>\n<figure class=\"wp-block-gallery has-nested-images columns-default is-cropped wp-block-gallery-3 is-layout-flex wp-block-gallery-is-layout-flex\">\n<figure class=\"wp-block-image size-large\"><img decoding=\"async\" loading=\"lazy\" width=\"1024\" height=\"682\" data-id=\"1383\" src=\"https:\/\/victoria.gob.ar\/prensa\/wp-content\/uploads\/2025\/08\/WhatsApp-Image-2025-08-05-at-21.10.21-2-1024x682.jpeg\" alt=\"\" class=\"wp-image-1383\" \/><\/figure>\n<figure class=\"wp-block-image size-large\"><img decoding=\"async\" loading=\"lazy\" width=\"1024\" height=\"682\" data-id=\"1384\" src=\"https:\/\/victoria.gob.ar\/prensa\/wp-content\/uploads\/2025\/08\/WhatsApp-Image-2025-08-05-at-21.10.21-1-1024x682.jpeg\" alt=\"\" class=\"wp-image-1384\" \/><\/figure>\n<figure class=\"wp-block-image size-large\"><img decoding=\"async\" loading=\"lazy\" width=\"1024\" height=\"682\" data-id=\"1386\" src=\"https:\/\/victoria.gob.ar\/prensa\/wp-content\/uploads\/2025\/08\/WhatsApp-Image-2025-08-05-at-21.10.21-1024x682.jpeg\" alt=\"\" class=\"wp-image-1386\" \/><\/figure>\n<figure class=\"wp-block-image size-large\"><img decoding=\"async\" loading=\"lazy\" width=\"1024\" height=\"682\" data-id=\"1387\" src=\"https:\/\/victoria.gob.ar\/prensa\/wp-content\/uploads\/2025\/08\/WhatsApp-Image-2025-08-05-at-21.10.20-3-1024x682.jpeg\" alt=\"\" class=\"wp-image-1387\" \/><\/figure>\n<figure class=\"wp-block-image size-large\"><img decoding=\"async\" loading=\"lazy\" width=\"1024\" height=\"682\" data-id=\"1389\" src=\"https:\/\/victoria.gob.ar\/prensa\/wp-content\/uploads\/2025\/08\/WhatsApp-Image-2025-08-05-at-21.10.20-2-1024x682.jpeg\" alt=\"\" class=\"wp-image-1389\" \/><\/figure>\n<figure class=\"wp-block-image size-large\"><img decoding=\"async\" loading=\"lazy\" width=\"1024\" height=\"682\" data-id=\"1388\" src=\"https:\/\/victoria.gob.ar\/prensa\/wp-content\/uploads\/2025\/08\/WhatsApp-Image-2025-08-05-at-21.10.20-1-1024x682.jpeg\" alt=\"\" class=\"wp-image-1388\" \/><\/figure>\n<figure class=\"wp-block-image size-large\"><img decoding=\"async\" loading=\"lazy\" width=\"1024\" height=\"682\" data-id=\"1385\" src=\"https:\/\/victoria.gob.ar\/prensa\/wp-content\/uploads\/2025\/08\/WhatsApp-Image-2025-08-05-at-21.10.20-1024x682.jpeg\" alt=\"\" class=\"wp-image-1385\" \/><\/figure>\n<figure class=\"wp-block-image size-large\"><img decoding=\"async\" loading=\"lazy\" width=\"1024\" height=\"682\" data-id=\"1391\" src=\"https:\/\/victoria.gob.ar\/prensa\/wp-content\/uploads\/2025\/08\/WhatsApp-Image-2025-08-05-at-21.10.19-1-1024x682.jpeg\" alt=\"\" class=\"wp-image-1391\" \/><\/figure>\n<figure class=\"wp-block-image size-large\"><img decoding=\"async\" loading=\"lazy\" width=\"1024\" height=\"682\" data-id=\"1390\" src=\"https:\/\/victoria.gob.ar\/prensa\/wp-content\/uploads\/2025\/08\/WhatsApp-Image-2025-08-05-at-21.10.19-1024x682.jpeg\" alt=\"\" class=\"wp-image-1390\" \/><\/figure>\n<\/figure>","protected":false},"excerpt":{"rendered":"<p>Bacheo intensivo en Gral. Hornos. La Municipalidad de Victoria avanza desde calle Italia hasta Bartoloni, reparando los sectores m\u00e1s da\u00f1ados. Reparaci\u00f3n de losa en Espa\u00f1a y Per\u00f3n. Se est\u00e1 arreglando este cruce para garantizar una circulaci\u00f3n m\u00e1s segura. Entubamiento del desag\u00fce en S\u00e1nchez Mathar\u00e1n. Una obra posible gracias al esfuerzo conjunto de la municipalidad y&hellip;&nbsp;<a href=\"https:\/\/victoria.gob.ar\/es\/obras-viales\/\" rel=\"bookmark\"><span class=\"screen-reader-text\">OBRAS VIALES<\/span><\/a><\/p>\n","protected":false},"author":2,"featured_media":2782,"comment_status":"open","ping_status":"open","sticky":false,"template":"","format":"standard","meta":{"neve_meta_sidebar":"","neve_meta_container":"","neve_meta_enable_content_width":"","neve_meta_content_width":0,"neve_meta_title_alignment":"","neve_meta_author_avatar":"","neve_post_elements_order":"","neve_meta_disable_header":"","neve_meta_disable_footer":"","neve_meta_disable_title":"","footnotes":""},"categories":[1],"tags":[],"class_list":["post-2781","post","type-post","status-publish","format-standard","has-post-thumbnail","hentry","category-sin-categoria"],"_links":{"self":[{"href":"https:\/\/victoria.gob.ar\/es\/wp-json\/wp\/v2\/posts\/2781","targetHints":{"allow":["GET"]}}],"collection":[{"href":"https:\/\/victoria.gob.ar\/es\/wp-json\/wp\/v2\/posts"}],"about":[{"href":"https:\/\/victoria.gob.ar\/es\/wp-json\/wp\/v2\/types\/post"}],"author":[{"embeddable":true,"href":"https:\/\/victoria.gob.ar\/es\/wp-json\/wp\/v2\/users\/2"}],"replies":[{"embeddable":true,"href":"https:\/\/victoria.gob.ar\/es\/wp-json\/wp\/v2\/comments?post=2781"}],"version-history":[{"count":0,"href":"https:\/\/victoria.gob.ar\/es\/wp-json\/wp\/v2\/posts\/2781\/revisions"}],"wp:featuredmedia":[{"embeddable":true,"href":"https:\/\/victoria.gob.ar\/es\/wp-json\/wp\/v2\/media\/2782"}],"wp:attachment":[{"href":"https:\/\/victoria.gob.ar\/es\/wp-json\/wp\/v2\/media?parent=2781"}],"wp:term":[{"taxonomy":"category","embeddable":true,"href":"https:\/\/victoria.gob.ar\/es\/wp-json\/wp\/v2\/categories?post=2781"},{"taxonomy":"post_tag","embeddable":true,"href":"https:\/\/victoria.gob.ar\/es\/wp-json\/wp\/v2\/tags?post=2781"}],"curies":[{"name":"wp","href":"https:\/\/api.w.org\/{rel}","templated":true}]}}