{"id":2777,"date":"2025-08-06T15:25:10","date_gmt":"2025-08-06T15:25:10","guid":{"rendered":"http:\/\/victoria.gob.ar\/es\/charlas-informativas-sobre-ingreso-a-la-universidad\/"},"modified":"2025-08-06T15:25:10","modified_gmt":"2025-08-06T15:25:10","slug":"charlas-informativas-sobre-ingreso-a-la-universidad","status":"publish","type":"post","link":"https:\/\/victoria.gob.ar\/es\/charlas-informativas-sobre-ingreso-a-la-universidad\/","title":{"rendered":"CHARLAS INFORMATIVAS SOBRE INGRESO A LA UNIVERSIDAD"},"content":{"rendered":"<p>El prop\u00f3sito es brindar a los j\u00f3venes y estudiantes del \u00faltimo a\u00f1o de nivel secundario herramientas que les permitan tomar decisiones informadas sobre su futuro acad\u00e9mico y profesional.<\/p>\n<p><img decoding=\"async\" src=\"https:\/\/s.w.org\/images\/core\/emoji\/16.0.1\/72x72\/1f5d3.png\" alt=\"&#x1f5d3;\" class=\"wp-smiley\" \/> Fechas: mi\u00e9rcoles 20 y viernes 22 de agosto.<br \/><img decoding=\"async\" src=\"https:\/\/s.w.org\/images\/core\/emoji\/16.0.1\/72x72\/1f4cd.png\" alt=\"&#x1f4cd;\" class=\"wp-smiley\" \/> Lugar: Sala Municipal Cine Teatro Victoria (Alem 64).<br \/><img decoding=\"async\" src=\"https:\/\/s.w.org\/images\/core\/emoji\/16.0.1\/72x72\/23f0.png\" alt=\"&#x23f0;\" class=\"wp-smiley\" \/> Horario: 10:00 a 12:00 h.<\/p>\n<p><img decoding=\"async\" src=\"https:\/\/s.w.org\/images\/core\/emoji\/16.0.1\/72x72\/1f50d.png\" alt=\"&#x1f50d;\" class=\"wp-smiley\" \/> Vas a poder conocer:<\/p>\n<ul class=\"wp-block-list\">\n<li>Opciones de carreras universitarias, sus caracter\u00edsticas, alcances profesionales y campos laborales.<\/li>\n<li>Requisitos de ingreso y servicios de apoyo al estudiante.<\/li>\n<li>Experiencias de estudiantes.<\/li>\n<li>Informaci\u00f3n \u00fatil sobre becas, orientaci\u00f3n vocacional y m\u00e1s.<\/li>\n<\/ul>\n<p><img decoding=\"async\" src=\"https:\/\/s.w.org\/images\/core\/emoji\/16.0.1\/72x72\/1f4f2.png\" alt=\"&#x1f4f2;\" class=\"wp-smiley\" \/> Actividad libre y gratuita.<\/p>\n<p>\u00a1No te lo pierdas! Tu futuro empieza hoy.<\/p>\n<figure class=\"wp-block-gallery has-nested-images columns-default is-cropped wp-block-gallery-1 is-layout-flex wp-block-gallery-is-layout-flex\">\n<figure class=\"wp-block-image size-large\"><img loading=\"lazy\" decoding=\"async\" width=\"820\" height=\"1024\" data-id=\"1403\" src=\"https:\/\/victoria.gob.ar\/prensa\/wp-content\/uploads\/2025\/08\/WhatsApp-Image-2025-08-06-at-10.22.29-820x1024.jpeg\" alt=\"\" class=\"wp-image-1403\" \/><\/figure>\n<figure class=\"wp-block-image size-large\"><img loading=\"lazy\" decoding=\"async\" width=\"819\" height=\"1024\" data-id=\"1402\" src=\"https:\/\/victoria.gob.ar\/prensa\/wp-content\/uploads\/2025\/08\/WhatsApp-Image-2025-08-06-at-10.22.28-819x1024.jpeg\" alt=\"\" class=\"wp-image-1402\" \/><\/figure>\n<\/figure>","protected":false},"excerpt":{"rendered":"<p>El prop\u00f3sito es brindar a los j\u00f3venes y estudiantes del \u00faltimo a\u00f1o de nivel secundario herramientas que les permitan tomar decisiones informadas sobre su futuro acad\u00e9mico y profesional. Fechas: mi\u00e9rcoles 20 y viernes 22 de agosto. Lugar: Sala Municipal Cine Teatro Victoria (Alem 64). Horario: 10:00 a 12:00 h. Vas a poder conocer: Opciones de&hellip;&nbsp;<a href=\"https:\/\/victoria.gob.ar\/es\/charlas-informativas-sobre-ingreso-a-la-universidad\/\" rel=\"bookmark\"><span class=\"screen-reader-text\">CHARLAS INFORMATIVAS SOBRE INGRESO A LA UNIVERSIDAD<\/span><\/a><\/p>\n","protected":false},"author":2,"featured_media":2778,"comment_status":"open","ping_status":"open","sticky":false,"template":"","format":"standard","meta":{"neve_meta_sidebar":"","neve_meta_container":"","neve_meta_enable_content_width":"","neve_meta_content_width":0,"neve_meta_title_alignment":"","neve_meta_author_avatar":"","neve_post_elements_order":"","neve_meta_disable_header":"","neve_meta_disable_footer":"","neve_meta_disable_title":"","footnotes":""},"categories":[1],"tags":[],"class_list":["post-2777","post","type-post","status-publish","format-standard","has-post-thumbnail","hentry","category-sin-categoria"],"_links":{"self":[{"href":"https:\/\/victoria.gob.ar\/es\/wp-json\/wp\/v2\/posts\/2777","targetHints":{"allow":["GET"]}}],"collection":[{"href":"https:\/\/victoria.gob.ar\/es\/wp-json\/wp\/v2\/posts"}],"about":[{"href":"https:\/\/victoria.gob.ar\/es\/wp-json\/wp\/v2\/types\/post"}],"author":[{"embeddable":true,"href":"https:\/\/victoria.gob.ar\/es\/wp-json\/wp\/v2\/users\/2"}],"replies":[{"embeddable":true,"href":"https:\/\/victoria.gob.ar\/es\/wp-json\/wp\/v2\/comments?post=2777"}],"version-history":[{"count":0,"href":"https:\/\/victoria.gob.ar\/es\/wp-json\/wp\/v2\/posts\/2777\/revisions"}],"wp:featuredmedia":[{"embeddable":true,"href":"https:\/\/victoria.gob.ar\/es\/wp-json\/wp\/v2\/media\/2778"}],"wp:attachment":[{"href":"https:\/\/victoria.gob.ar\/es\/wp-json\/wp\/v2\/media?parent=2777"}],"wp:term":[{"taxonomy":"category","embeddable":true,"href":"https:\/\/victoria.gob.ar\/es\/wp-json\/wp\/v2\/categories?post=2777"},{"taxonomy":"post_tag","embeddable":true,"href":"https:\/\/victoria.gob.ar\/es\/wp-json\/wp\/v2\/tags?post=2777"}],"curies":[{"name":"wp","href":"https:\/\/api.w.org\/{rel}","templated":true}]}}