{"id":2750,"date":"2025-08-04T11:58:27","date_gmt":"2025-08-04T11:58:27","guid":{"rendered":"http:\/\/victoria.gob.ar\/es\/avanzan-las-esterilizaciones-caninas\/"},"modified":"2025-08-04T11:58:27","modified_gmt":"2025-08-04T11:58:27","slug":"avanzan-las-esterilizaciones-caninas","status":"publish","type":"post","link":"https:\/\/victoria.gob.ar\/es\/avanzan-las-esterilizaciones-caninas\/","title":{"rendered":"AVANZAN LAS ESTERILIZACIONES CANINAS"},"content":{"rendered":"<p>El s\u00e1bado, la Municipalidad de Victoria continu\u00f3 con la campa\u00f1a de castraciones de perros en el Quir\u00f3fano M\u00f3vil que se llev\u00f3 al CIC.<\/p>\n<p>Ese esterilizaron 30 perros (machos y hembras) gracias al compromiso y la colaboraci\u00f3n de vecinos que se sumaron y ayudaron.<\/p>\n<p>Con esta campa\u00f1a, y sumando tambi\u00e9n el cupo felino, ya se llevan 990 perros y 870 gatos esterilizados desde marzo de 2024.<\/p>\n<p>Victoria, #MiCiudadQuerida <img decoding=\"async\" src=\"https:\/\/s.w.org\/images\/core\/emoji\/16.0.1\/72x72\/1fa75.png\" alt=\"&#x1fa75;\" class=\"wp-smiley\" \/><\/p>\n<figure class=\"wp-block-gallery has-nested-images columns-default is-cropped wp-block-gallery-1 is-layout-flex wp-block-gallery-is-layout-flex\">\n<figure class=\"wp-block-image size-large\"><img loading=\"lazy\" decoding=\"async\" width=\"1024\" height=\"682\" data-id=\"1366\" src=\"https:\/\/victoria.gob.ar\/prensa\/wp-content\/uploads\/2025\/08\/WhatsApp-Image-2025-08-04-at-08.45.03-1024x682.jpeg\" alt=\"\" class=\"wp-image-1366\" \/><\/figure>\n<figure class=\"wp-block-image size-large\"><img loading=\"lazy\" decoding=\"async\" width=\"1024\" height=\"682\" data-id=\"1369\" src=\"https:\/\/victoria.gob.ar\/prensa\/wp-content\/uploads\/2025\/08\/WhatsApp-Image-2025-08-04-at-08.45.02-2-1024x682.jpeg\" alt=\"\" class=\"wp-image-1369\" \/><\/figure>\n<figure class=\"wp-block-image size-large\"><img loading=\"lazy\" decoding=\"async\" width=\"1024\" height=\"682\" data-id=\"1365\" src=\"https:\/\/victoria.gob.ar\/prensa\/wp-content\/uploads\/2025\/08\/WhatsApp-Image-2025-08-04-at-08.45.02-1-1024x682.jpeg\" alt=\"\" class=\"wp-image-1365\" \/><\/figure>\n<figure class=\"wp-block-image size-large\"><img decoding=\"async\" loading=\"lazy\" width=\"1024\" height=\"682\" data-id=\"1368\" src=\"https:\/\/victoria.gob.ar\/prensa\/wp-content\/uploads\/2025\/08\/WhatsApp-Image-2025-08-04-at-08.45.02-1024x682.jpeg\" alt=\"\" class=\"wp-image-1368\" \/><\/figure>\n<figure class=\"wp-block-image size-large\"><img decoding=\"async\" loading=\"lazy\" width=\"1024\" height=\"682\" data-id=\"1367\" src=\"https:\/\/victoria.gob.ar\/prensa\/wp-content\/uploads\/2025\/08\/WhatsApp-Image-2025-08-04-at-08.45.01-1024x682.jpeg\" alt=\"\" class=\"wp-image-1367\" \/><\/figure>\n<\/figure>","protected":false},"excerpt":{"rendered":"<p>El s\u00e1bado, la Municipalidad de Victoria continu\u00f3 con la campa\u00f1a de castraciones de perros en el Quir\u00f3fano M\u00f3vil que se llev\u00f3 al CIC. Ese esterilizaron 30 perros (machos y hembras) gracias al compromiso y la colaboraci\u00f3n de vecinos que se sumaron y ayudaron. Con esta campa\u00f1a, y sumando tambi\u00e9n el cupo felino, ya se llevan&hellip;&nbsp;<a href=\"https:\/\/victoria.gob.ar\/es\/avanzan-las-esterilizaciones-caninas\/\" rel=\"bookmark\"><span class=\"screen-reader-text\">AVANZAN LAS ESTERILIZACIONES CANINAS<\/span><\/a><\/p>\n","protected":false},"author":2,"featured_media":2751,"comment_status":"open","ping_status":"open","sticky":false,"template":"","format":"standard","meta":{"neve_meta_sidebar":"","neve_meta_container":"","neve_meta_enable_content_width":"","neve_meta_content_width":0,"neve_meta_title_alignment":"","neve_meta_author_avatar":"","neve_post_elements_order":"","neve_meta_disable_header":"","neve_meta_disable_footer":"","neve_meta_disable_title":"","footnotes":""},"categories":[1],"tags":[],"class_list":["post-2750","post","type-post","status-publish","format-standard","has-post-thumbnail","hentry","category-sin-categoria"],"_links":{"self":[{"href":"https:\/\/victoria.gob.ar\/es\/wp-json\/wp\/v2\/posts\/2750","targetHints":{"allow":["GET"]}}],"collection":[{"href":"https:\/\/victoria.gob.ar\/es\/wp-json\/wp\/v2\/posts"}],"about":[{"href":"https:\/\/victoria.gob.ar\/es\/wp-json\/wp\/v2\/types\/post"}],"author":[{"embeddable":true,"href":"https:\/\/victoria.gob.ar\/es\/wp-json\/wp\/v2\/users\/2"}],"replies":[{"embeddable":true,"href":"https:\/\/victoria.gob.ar\/es\/wp-json\/wp\/v2\/comments?post=2750"}],"version-history":[{"count":0,"href":"https:\/\/victoria.gob.ar\/es\/wp-json\/wp\/v2\/posts\/2750\/revisions"}],"wp:featuredmedia":[{"embeddable":true,"href":"https:\/\/victoria.gob.ar\/es\/wp-json\/wp\/v2\/media\/2751"}],"wp:attachment":[{"href":"https:\/\/victoria.gob.ar\/es\/wp-json\/wp\/v2\/media?parent=2750"}],"wp:term":[{"taxonomy":"category","embeddable":true,"href":"https:\/\/victoria.gob.ar\/es\/wp-json\/wp\/v2\/categories?post=2750"},{"taxonomy":"post_tag","embeddable":true,"href":"https:\/\/victoria.gob.ar\/es\/wp-json\/wp\/v2\/tags?post=2750"}],"curies":[{"name":"wp","href":"https:\/\/api.w.org\/{rel}","templated":true}]}}