{"id":2705,"date":"2025-07-31T18:05:18","date_gmt":"2025-07-31T18:05:18","guid":{"rendered":"https:\/\/victoria.gob.ar\/es\/castagnino-recibio-a-frigerio\/"},"modified":"2025-07-31T18:05:18","modified_gmt":"2025-07-31T18:05:18","slug":"castagnino-recibio-a-frigerio","status":"publish","type":"post","link":"https:\/\/victoria.gob.ar\/es\/castagnino-recibio-a-frigerio\/","title":{"rendered":"CASTAGNINO RECIBI\u00d3 A FRIGERIO"},"content":{"rendered":"<p>La presidente municipal, Isa Castagnino, recibi\u00f3 en su despacho al gobernador, Rogelio Frigerio, y al secretario general de la Gobernaci\u00f3n, Mauricio Colello. Abordaron temas urgentes para la ciudad, entre ellos: el dragado del r\u00edo, obras en la cuenca Capurro, el proyecto de servicio de di\u00e1lisis para nuestra ciudad que formalmente se elev\u00f3 al gobierno provincial el 7 de febrero y la extensi\u00f3n de gas en el Barrio Abad\u00eda.<\/p>\n<p>Luego, junto al senador Victor Sanzberro, acompa\u00f1\u00f3 la inauguraci\u00f3n de obras en las escuelas Nro. 48 \u00abNicol\u00e1s Avellaneda\u00bb y Nro. 15 \u00abDon Antonio Casanova\u00bb, y en el Hospital \u00abDr. Ferm\u00edn Salaberry\u00bb, gestionadas en su momento por la entonces vicegobernadora Laura Stratta.<\/p>\n<p>M\u00e1s tarde, con el ministro de Planeamiento, Infraestructura y Servicios, Dar\u00edo Schneider, recorrieron calle Capurro para mostrar la importancia que esta obra tiene para nuestra ciudad.<\/p>\n<figure class=\"wp-block-gallery has-nested-images columns-default is-cropped wp-block-gallery-1 is-layout-flex wp-block-gallery-is-layout-flex\">\n<figure class=\"wp-block-image size-large\"><img loading=\"lazy\" decoding=\"async\" width=\"1024\" height=\"682\" data-id=\"1347\" src=\"https:\/\/victoria.gob.ar\/prensa\/wp-content\/uploads\/2025\/07\/WhatsApp-Image-2025-07-29-at-20.28.59-1-1024x682.jpeg\" alt=\"\" class=\"wp-image-1347\"\/><\/figure>\n<figure class=\"wp-block-image size-large\"><img loading=\"lazy\" decoding=\"async\" width=\"1024\" height=\"682\" data-id=\"1342\" src=\"https:\/\/victoria.gob.ar\/prensa\/wp-content\/uploads\/2025\/07\/WhatsApp-Image-2025-07-29-at-20.28.59-1024x682.jpeg\" alt=\"\" class=\"wp-image-1342\"\/><\/figure>\n<figure class=\"wp-block-image size-large\"><img loading=\"lazy\" decoding=\"async\" width=\"1024\" height=\"682\" data-id=\"1345\" src=\"https:\/\/victoria.gob.ar\/prensa\/wp-content\/uploads\/2025\/07\/WhatsApp-Image-2025-07-29-at-20.28.58-3-1024x682.jpeg\" alt=\"\" class=\"wp-image-1345\"\/><\/figure>\n<figure class=\"wp-block-image size-large\"><img decoding=\"async\" loading=\"lazy\" width=\"1024\" height=\"682\" data-id=\"1346\" src=\"https:\/\/victoria.gob.ar\/prensa\/wp-content\/uploads\/2025\/07\/WhatsApp-Image-2025-07-29-at-20.28.58-2-1024x682.jpeg\" alt=\"\" class=\"wp-image-1346\"\/><\/figure>\n<figure class=\"wp-block-image size-large\"><img decoding=\"async\" loading=\"lazy\" width=\"1024\" height=\"682\" data-id=\"1343\" src=\"https:\/\/victoria.gob.ar\/prensa\/wp-content\/uploads\/2025\/07\/WhatsApp-Image-2025-07-29-at-20.28.58-1-1024x682.jpeg\" alt=\"\" class=\"wp-image-1343\"\/><\/figure>\n<figure class=\"wp-block-image size-large\"><img decoding=\"async\" loading=\"lazy\" width=\"1024\" height=\"682\" data-id=\"1344\" src=\"https:\/\/victoria.gob.ar\/prensa\/wp-content\/uploads\/2025\/07\/WhatsApp-Image-2025-07-29-at-20.28.58-1024x682.jpeg\" alt=\"\" class=\"wp-image-1344\"\/><\/figure>\n<figure class=\"wp-block-image size-large\"><img decoding=\"async\" loading=\"lazy\" width=\"1024\" height=\"682\" data-id=\"1348\" src=\"https:\/\/victoria.gob.ar\/prensa\/wp-content\/uploads\/2025\/07\/WhatsApp-Image-2025-07-29-at-20.28.57-1024x682.jpeg\" alt=\"\" class=\"wp-image-1348\"\/><\/figure>\n<\/figure>","protected":false},"excerpt":{"rendered":"<p>La presidente municipal, Isa Castagnino, recibi\u00f3 en su despacho al gobernador, Rogelio Frigerio, y al secretario general de la Gobernaci\u00f3n, Mauricio Colello. Abordaron temas urgentes para la ciudad, entre ellos: el dragado del r\u00edo, obras en la cuenca Capurro, el proyecto de servicio de di\u00e1lisis para nuestra ciudad que formalmente se elev\u00f3 al gobierno provincial&hellip;&nbsp;<a href=\"https:\/\/victoria.gob.ar\/es\/castagnino-recibio-a-frigerio\/\" rel=\"bookmark\"><span class=\"screen-reader-text\">CASTAGNINO RECIBI\u00d3 A FRIGERIO<\/span><\/a><\/p>\n","protected":false},"author":2,"featured_media":2706,"comment_status":"open","ping_status":"open","sticky":false,"template":"","format":"standard","meta":{"neve_meta_sidebar":"","neve_meta_container":"","neve_meta_enable_content_width":"","neve_meta_content_width":0,"neve_meta_title_alignment":"","neve_meta_author_avatar":"","neve_post_elements_order":"","neve_meta_disable_header":"","neve_meta_disable_footer":"","neve_meta_disable_title":"","footnotes":""},"categories":[1],"tags":[],"class_list":["post-2705","post","type-post","status-publish","format-standard","has-post-thumbnail","hentry","category-sin-categoria"],"_links":{"self":[{"href":"https:\/\/victoria.gob.ar\/es\/wp-json\/wp\/v2\/posts\/2705","targetHints":{"allow":["GET"]}}],"collection":[{"href":"https:\/\/victoria.gob.ar\/es\/wp-json\/wp\/v2\/posts"}],"about":[{"href":"https:\/\/victoria.gob.ar\/es\/wp-json\/wp\/v2\/types\/post"}],"author":[{"embeddable":true,"href":"https:\/\/victoria.gob.ar\/es\/wp-json\/wp\/v2\/users\/2"}],"replies":[{"embeddable":true,"href":"https:\/\/victoria.gob.ar\/es\/wp-json\/wp\/v2\/comments?post=2705"}],"version-history":[{"count":0,"href":"https:\/\/victoria.gob.ar\/es\/wp-json\/wp\/v2\/posts\/2705\/revisions"}],"wp:featuredmedia":[{"embeddable":true,"href":"https:\/\/victoria.gob.ar\/es\/wp-json\/wp\/v2\/media\/2706"}],"wp:attachment":[{"href":"https:\/\/victoria.gob.ar\/es\/wp-json\/wp\/v2\/media?parent=2705"}],"wp:term":[{"taxonomy":"category","embeddable":true,"href":"https:\/\/victoria.gob.ar\/es\/wp-json\/wp\/v2\/categories?post=2705"},{"taxonomy":"post_tag","embeddable":true,"href":"https:\/\/victoria.gob.ar\/es\/wp-json\/wp\/v2\/tags?post=2705"}],"curies":[{"name":"wp","href":"https:\/\/api.w.org\/{rel}","templated":true}]}}