{"id":2425,"date":"2025-07-18T12:49:37","date_gmt":"2025-07-18T12:49:37","guid":{"rendered":"http:\/\/victoria.gob.ar\/es\/jugar-en-el-tiempo-recuerdos-juegos-y-juguetes\/"},"modified":"2025-07-18T12:49:37","modified_gmt":"2025-07-18T12:49:37","slug":"jugar-en-el-tiempo-recuerdos-juegos-y-juguetes","status":"publish","type":"post","link":"https:\/\/victoria.gob.ar\/es\/jugar-en-el-tiempo-recuerdos-juegos-y-juguetes\/","title":{"rendered":"\u201cJUGAR EN EL TIEMPO\u201d: RECUERDOS, JUEGOS Y JUGUETES"},"content":{"rendered":"<p>El Museo de la Ciudad \u201cCarlos A. Anad\u00f3n\u201d, contin\u00faa desarrollando la muestra \u201cJugar en el tiempo\u201d, una propuesta especial para estas vacaciones de invierno que invita a revivir juegos, juguetes y recuerdos de la infancia.<\/p>\n<p>Se trata de una exposici\u00f3n de peque\u00f1o formato que acompa\u00f1a el recorrido habitual del museo. Incluye mu\u00f1ecas antiguas, juegos de mesa, cocinitas, libros, m\u00fasica, \u00e1lbumes de figuritas y otros objetos originales que marcaron a distintas generaciones. Tambi\u00e9n se incorporan im\u00e1genes de \u00e9poca, reproducciones y espacios pensados para jugar, leer y compartir en familia.<\/p>\n<p>Una propuesta emotiva y participativa que busca revalorizar el juego creativo, colectivo y sin pantallas, y tender puentes entre generaciones a trav\u00e9s del recuerdo y la experiencia compartida.<\/p>\n<p><img decoding=\"async\" src=\"https:\/\/s.w.org\/images\/core\/emoji\/16.0.1\/72x72\/2139.png\" alt=\"&#x2139;\" class=\"wp-smiley\" \/> La muestra se puede visitar de martes a s\u00e1bado, de 08:00 a 13:00 h y de 14:00 a 19:00 h, en Congreso 593, y se extender\u00e1 hasta finalizar agosto. Entrada libre y gratuita.<\/p>\n<blockquote class=\"instagram-media\" data-instgrm-permalink=\"https:\/\/www.instagram.com\/reel\/DML5F6URSrc\/?utm_source=ig_embed&amp;utm_campaign=loading\" data-instgrm-version=\"14\">\n<div> <a href=\"https:\/\/www.instagram.com\/reel\/DML5F6URSrc\/?utm_source=ig_embed&amp;utm_campaign=loading\" target=\"_blank\"> \n<div>\n<div><\/div>\n<div>\n<div><\/div>\n<div><\/div>\n<\/div>\n<\/div>\n<div><\/div>\n<div><\/div>\n<div>\n<div>Ver esta publicaci\u00f3n en Instagram<\/div>\n<\/div>\n<div><\/div>\n<div>\n<div>\n<div><\/div>\n<div><\/div>\n<div><\/div>\n<\/div>\n<div>\n<div><\/div>\n<div><\/div>\n<\/div>\n<div>\n<div><\/div>\n<div><\/div>\n<div><\/div>\n<\/div>\n<\/div>\n<div>\n<div><\/div>\n<div><\/div>\n<\/div>\n<p><\/p><\/a>\n<p><a href=\"https:\/\/www.instagram.com\/reel\/DML5F6URSrc\/?utm_source=ig_embed&amp;utm_campaign=loading\" target=\"_blank\">Una publicaci\u00f3n compartida de Municipalidad de Victoria (@victoria.gob.ar)<\/a><\/p>\n<\/div>\n<\/blockquote>","protected":false},"excerpt":{"rendered":"<p>El Museo de la Ciudad \u201cCarlos A. Anad\u00f3n\u201d, contin\u00faa desarrollando la muestra \u201cJugar en el tiempo\u201d, una propuesta especial para estas vacaciones de invierno que invita a revivir juegos, juguetes y recuerdos de la infancia. Se trata de una exposici\u00f3n de peque\u00f1o formato que acompa\u00f1a el recorrido habitual del museo. Incluye mu\u00f1ecas antiguas, juegos de&hellip;&nbsp;<a href=\"https:\/\/victoria.gob.ar\/es\/jugar-en-el-tiempo-recuerdos-juegos-y-juguetes\/\" rel=\"bookmark\"><span class=\"screen-reader-text\">\u201cJUGAR EN EL TIEMPO\u201d: RECUERDOS, JUEGOS Y JUGUETES<\/span><\/a><\/p>\n","protected":false},"author":2,"featured_media":1778,"comment_status":"open","ping_status":"open","sticky":false,"template":"","format":"standard","meta":{"neve_meta_sidebar":"","neve_meta_container":"","neve_meta_enable_content_width":"","neve_meta_content_width":0,"neve_meta_title_alignment":"","neve_meta_author_avatar":"","neve_post_elements_order":"","neve_meta_disable_header":"","neve_meta_disable_footer":"","neve_meta_disable_title":"","footnotes":""},"categories":[1],"tags":[],"class_list":["post-2425","post","type-post","status-publish","format-standard","has-post-thumbnail","hentry","category-sin-categoria"],"_links":{"self":[{"href":"https:\/\/victoria.gob.ar\/es\/wp-json\/wp\/v2\/posts\/2425","targetHints":{"allow":["GET"]}}],"collection":[{"href":"https:\/\/victoria.gob.ar\/es\/wp-json\/wp\/v2\/posts"}],"about":[{"href":"https:\/\/victoria.gob.ar\/es\/wp-json\/wp\/v2\/types\/post"}],"author":[{"embeddable":true,"href":"https:\/\/victoria.gob.ar\/es\/wp-json\/wp\/v2\/users\/2"}],"replies":[{"embeddable":true,"href":"https:\/\/victoria.gob.ar\/es\/wp-json\/wp\/v2\/comments?post=2425"}],"version-history":[{"count":0,"href":"https:\/\/victoria.gob.ar\/es\/wp-json\/wp\/v2\/posts\/2425\/revisions"}],"wp:featuredmedia":[{"embeddable":true,"href":"https:\/\/victoria.gob.ar\/es\/wp-json\/wp\/v2\/media\/1778"}],"wp:attachment":[{"href":"https:\/\/victoria.gob.ar\/es\/wp-json\/wp\/v2\/media?parent=2425"}],"wp:term":[{"taxonomy":"category","embeddable":true,"href":"https:\/\/victoria.gob.ar\/es\/wp-json\/wp\/v2\/categories?post=2425"},{"taxonomy":"post_tag","embeddable":true,"href":"https:\/\/victoria.gob.ar\/es\/wp-json\/wp\/v2\/tags?post=2425"}],"curies":[{"name":"wp","href":"https:\/\/api.w.org\/{rel}","templated":true}]}}