{"id":2397,"date":"2025-07-15T13:09:36","date_gmt":"2025-07-15T13:09:36","guid":{"rendered":"https:\/\/victoria.gob.ar\/es\/mira-el-mural-que-realizo-el-artista-gervasio-barbagelata-en-la-terminal-de-omnibus\/"},"modified":"2025-07-15T13:09:36","modified_gmt":"2025-07-15T13:09:36","slug":"mira-el-mural-que-realizo-el-artista-gervasio-barbagelata-en-la-terminal-de-omnibus","status":"publish","type":"post","link":"https:\/\/victoria.gob.ar\/es\/mira-el-mural-que-realizo-el-artista-gervasio-barbagelata-en-la-terminal-de-omnibus\/","title":{"rendered":"\u00a1Mir\u00e1 el mural que realiz\u00f3 el artista Gervasio Barbagelata en la terminal de \u00f3mnibus!"},"content":{"rendered":"<p>\u00abLaguna del Pescado II\u00bb, de la serie \u00abA la orilla de la imaginaci\u00f3n\u00bb.<br \/>Autor: Gervasio Barbagelata.<br \/>Colaboradores: Mart\u00edn Mionis, Angelina Barbagelata.<br \/>Julio 2025.<\/p>\n<p>Gracias, Gervasio, por obsequiarnos tu arte.<\/p>\n<p>Victoria, #MiCiudadQuerida <img decoding=\"async\" src=\"https:\/\/s.w.org\/images\/core\/emoji\/15.1.0\/72x72\/1fa75.png\" alt=\"&#x1fa75;\" class=\"wp-smiley\"\/><\/p>\n<blockquote class=\"instagram-media\" data-instgrm-permalink=\"https:\/\/www.instagram.com\/reel\/DMG1YH3x8mo\/?utm_source=ig_embed&amp;utm_campaign=loading\" data-instgrm-version=\"14\">\n<div> <a href=\"https:\/\/www.instagram.com\/reel\/DMG1YH3x8mo\/?utm_source=ig_embed&amp;utm_campaign=loading\" target=\"_blank\"> \n<div>\n<div><\/div>\n<div>\n<div><\/div>\n<div><\/div>\n<\/div>\n<\/div>\n<div><\/div>\n<div><\/div>\n<div>\n<div>Ver esta publicaci\u00f3n en Instagram<\/div>\n<\/div>\n<div><\/div>\n<div>\n<div>\n<div><\/div>\n<div><\/div>\n<div><\/div>\n<\/div>\n<div>\n<div><\/div>\n<div><\/div>\n<\/div>\n<div>\n<div><\/div>\n<div><\/div>\n<div><\/div>\n<\/div>\n<\/div>\n<div>\n<div><\/div>\n<div><\/div>\n<\/div>\n<p><\/p><\/a>\n<p><a href=\"https:\/\/www.instagram.com\/reel\/DMG1YH3x8mo\/?utm_source=ig_embed&amp;utm_campaign=loading\" target=\"_blank\">Una publicaci\u00f3n compartida de Municipalidad de Victoria (@victoria.gob.ar)<\/a><\/p>\n<\/div>\n<\/blockquote>","protected":false},"excerpt":{"rendered":"<p>\u00abLaguna del Pescado II\u00bb, de la serie \u00abA la orilla de la imaginaci\u00f3n\u00bb.Autor: Gervasio Barbagelata.Colaboradores: Mart\u00edn Mionis, Angelina Barbagelata.Julio 2025. Gracias, Gervasio, por obsequiarnos tu arte. Victoria, #MiCiudadQuerida Ver esta publicaci\u00f3n en Instagram Una publicaci\u00f3n compartida de Municipalidad de Victoria (@victoria.gob.ar)<\/p>\n","protected":false},"author":2,"featured_media":2398,"comment_status":"open","ping_status":"open","sticky":false,"template":"","format":"standard","meta":{"neve_meta_sidebar":"","neve_meta_container":"","neve_meta_enable_content_width":"","neve_meta_content_width":0,"neve_meta_title_alignment":"","neve_meta_author_avatar":"","neve_post_elements_order":"","neve_meta_disable_header":"","neve_meta_disable_footer":"","neve_meta_disable_title":"","footnotes":""},"categories":[1],"tags":[],"class_list":["post-2397","post","type-post","status-publish","format-standard","has-post-thumbnail","hentry","category-sin-categoria"],"_links":{"self":[{"href":"https:\/\/victoria.gob.ar\/es\/wp-json\/wp\/v2\/posts\/2397","targetHints":{"allow":["GET"]}}],"collection":[{"href":"https:\/\/victoria.gob.ar\/es\/wp-json\/wp\/v2\/posts"}],"about":[{"href":"https:\/\/victoria.gob.ar\/es\/wp-json\/wp\/v2\/types\/post"}],"author":[{"embeddable":true,"href":"https:\/\/victoria.gob.ar\/es\/wp-json\/wp\/v2\/users\/2"}],"replies":[{"embeddable":true,"href":"https:\/\/victoria.gob.ar\/es\/wp-json\/wp\/v2\/comments?post=2397"}],"version-history":[{"count":0,"href":"https:\/\/victoria.gob.ar\/es\/wp-json\/wp\/v2\/posts\/2397\/revisions"}],"wp:featuredmedia":[{"embeddable":true,"href":"https:\/\/victoria.gob.ar\/es\/wp-json\/wp\/v2\/media\/2398"}],"wp:attachment":[{"href":"https:\/\/victoria.gob.ar\/es\/wp-json\/wp\/v2\/media?parent=2397"}],"wp:term":[{"taxonomy":"category","embeddable":true,"href":"https:\/\/victoria.gob.ar\/es\/wp-json\/wp\/v2\/categories?post=2397"},{"taxonomy":"post_tag","embeddable":true,"href":"https:\/\/victoria.gob.ar\/es\/wp-json\/wp\/v2\/tags?post=2397"}],"curies":[{"name":"wp","href":"https:\/\/api.w.org\/{rel}","templated":true}]}}