{"id":2395,"date":"2025-07-15T13:11:26","date_gmt":"2025-07-15T13:11:26","guid":{"rendered":"https:\/\/victoria.gob.ar\/es\/ludoteca-espacio-de-juego-y-encuentro\/"},"modified":"2025-07-15T13:11:26","modified_gmt":"2025-07-15T13:11:26","slug":"ludoteca-espacio-de-juego-y-encuentro","status":"publish","type":"post","link":"https:\/\/victoria.gob.ar\/es\/ludoteca-espacio-de-juego-y-encuentro\/","title":{"rendered":"LUDOTECA: ESPACIO DE JUEGO Y ENCUENTRO"},"content":{"rendered":"<p>La semana pasada, la Municipalidad de Victoria llev\u00f3 adelante una propuesta recreativa destinada principalmente a ni\u00f1os, abierta tambi\u00e9n a sus familias.<\/p>\n<p>La Ludoteca cont\u00f3 con estaciones de juego de propuestas variadas:<\/p>\n<ul class=\"wp-block-list\">\n<li>Juegos de mesa<\/li>\n<li>Juegos de construcci\u00f3n<\/li>\n<li>Actividades de ingenio y l\u00f3gicas<\/li>\n<li>Espacios de juego libre y colaborativo<\/li>\n<\/ul>\n<p>El viernes 18 se volver\u00e1 a realizar otra jornada l\u00fadica en <img decoding=\"async\" src=\"https:\/\/s.w.org\/images\/core\/emoji\/15.1.0\/72x72\/1f4cd.png\" alt=\"&#x1f4cd;\" class=\"wp-smiley\"\/> la Escuela Municipal de M\u00fasica \u201cJusto Jos\u00e9 de Urquiza\u201d, de 15:00 a 17:00 h.<\/p>\n<p>Victoria, #MiCiudadQuerida <img decoding=\"async\" src=\"https:\/\/s.w.org\/images\/core\/emoji\/15.1.0\/72x72\/1fa75.png\" alt=\"&#x1fa75;\" class=\"wp-smiley\"\/><\/p>\n<figure class=\"wp-block-gallery has-nested-images columns-default is-cropped wp-block-gallery-1 is-layout-flex wp-block-gallery-is-layout-flex\">\n<figure class=\"wp-block-image size-large\"><img loading=\"lazy\" decoding=\"async\" width=\"1024\" height=\"682\" data-id=\"1277\" src=\"https:\/\/victoria.gob.ar\/prensa\/wp-content\/uploads\/2025\/07\/WhatsApp-Image-2025-07-15-at-08.56.53-2-1024x682.jpeg\" alt=\"\" class=\"wp-image-1277\"\/><\/figure>\n<figure class=\"wp-block-image size-large\"><img loading=\"lazy\" decoding=\"async\" width=\"1024\" height=\"682\" data-id=\"1278\" src=\"https:\/\/victoria.gob.ar\/prensa\/wp-content\/uploads\/2025\/07\/WhatsApp-Image-2025-07-15-at-08.56.53-1-1024x682.jpeg\" alt=\"\" class=\"wp-image-1278\"\/><\/figure>\n<figure class=\"wp-block-image size-large\"><img loading=\"lazy\" decoding=\"async\" width=\"1024\" height=\"682\" data-id=\"1281\" src=\"https:\/\/victoria.gob.ar\/prensa\/wp-content\/uploads\/2025\/07\/WhatsApp-Image-2025-07-15-at-08.56.53-1024x682.jpeg\" alt=\"\" class=\"wp-image-1281\"\/><\/figure>\n<figure class=\"wp-block-image size-large\"><img decoding=\"async\" loading=\"lazy\" width=\"1024\" height=\"682\" data-id=\"1284\" src=\"https:\/\/victoria.gob.ar\/prensa\/wp-content\/uploads\/2025\/07\/WhatsApp-Image-2025-07-15-at-08.56.52-3-1024x682.jpeg\" alt=\"\" class=\"wp-image-1284\"\/><\/figure>\n<figure class=\"wp-block-image size-large\"><img decoding=\"async\" loading=\"lazy\" width=\"1024\" height=\"682\" data-id=\"1279\" src=\"https:\/\/victoria.gob.ar\/prensa\/wp-content\/uploads\/2025\/07\/WhatsApp-Image-2025-07-15-at-08.56.52-2-1024x682.jpeg\" alt=\"\" class=\"wp-image-1279\"\/><\/figure>\n<figure class=\"wp-block-image size-large\"><img decoding=\"async\" loading=\"lazy\" width=\"1024\" height=\"682\" data-id=\"1283\" src=\"https:\/\/victoria.gob.ar\/prensa\/wp-content\/uploads\/2025\/07\/WhatsApp-Image-2025-07-15-at-08.56.52-1-1024x682.jpeg\" alt=\"\" class=\"wp-image-1283\"\/><\/figure>\n<figure class=\"wp-block-image size-large\"><img decoding=\"async\" loading=\"lazy\" width=\"1024\" height=\"682\" data-id=\"1282\" src=\"https:\/\/victoria.gob.ar\/prensa\/wp-content\/uploads\/2025\/07\/WhatsApp-Image-2025-07-15-at-08.56.52-1024x682.jpeg\" alt=\"\" class=\"wp-image-1282\"\/><\/figure>\n<figure class=\"wp-block-image size-large\"><img decoding=\"async\" loading=\"lazy\" width=\"1024\" height=\"682\" data-id=\"1280\" src=\"https:\/\/victoria.gob.ar\/prensa\/wp-content\/uploads\/2025\/07\/WhatsApp-Image-2025-07-15-at-08.56.51-1024x682.jpeg\" alt=\"\" class=\"wp-image-1280\"\/><\/figure>\n<\/figure>","protected":false},"excerpt":{"rendered":"<p>La semana pasada, la Municipalidad de Victoria llev\u00f3 adelante una propuesta recreativa destinada principalmente a ni\u00f1os, abierta tambi\u00e9n a sus familias. La Ludoteca cont\u00f3 con estaciones de juego de propuestas variadas: Juegos de mesa Juegos de construcci\u00f3n Actividades de ingenio y l\u00f3gicas Espacios de juego libre y colaborativo El viernes 18 se volver\u00e1 a realizar&hellip;&nbsp;<a href=\"https:\/\/victoria.gob.ar\/es\/ludoteca-espacio-de-juego-y-encuentro\/\" rel=\"bookmark\"><span class=\"screen-reader-text\">LUDOTECA: ESPACIO DE JUEGO Y ENCUENTRO<\/span><\/a><\/p>\n","protected":false},"author":2,"featured_media":2396,"comment_status":"open","ping_status":"open","sticky":false,"template":"","format":"standard","meta":{"neve_meta_sidebar":"","neve_meta_container":"","neve_meta_enable_content_width":"","neve_meta_content_width":0,"neve_meta_title_alignment":"","neve_meta_author_avatar":"","neve_post_elements_order":"","neve_meta_disable_header":"","neve_meta_disable_footer":"","neve_meta_disable_title":"","footnotes":""},"categories":[1],"tags":[],"class_list":["post-2395","post","type-post","status-publish","format-standard","has-post-thumbnail","hentry","category-sin-categoria"],"_links":{"self":[{"href":"https:\/\/victoria.gob.ar\/es\/wp-json\/wp\/v2\/posts\/2395","targetHints":{"allow":["GET"]}}],"collection":[{"href":"https:\/\/victoria.gob.ar\/es\/wp-json\/wp\/v2\/posts"}],"about":[{"href":"https:\/\/victoria.gob.ar\/es\/wp-json\/wp\/v2\/types\/post"}],"author":[{"embeddable":true,"href":"https:\/\/victoria.gob.ar\/es\/wp-json\/wp\/v2\/users\/2"}],"replies":[{"embeddable":true,"href":"https:\/\/victoria.gob.ar\/es\/wp-json\/wp\/v2\/comments?post=2395"}],"version-history":[{"count":0,"href":"https:\/\/victoria.gob.ar\/es\/wp-json\/wp\/v2\/posts\/2395\/revisions"}],"wp:featuredmedia":[{"embeddable":true,"href":"https:\/\/victoria.gob.ar\/es\/wp-json\/wp\/v2\/media\/2396"}],"wp:attachment":[{"href":"https:\/\/victoria.gob.ar\/es\/wp-json\/wp\/v2\/media?parent=2395"}],"wp:term":[{"taxonomy":"category","embeddable":true,"href":"https:\/\/victoria.gob.ar\/es\/wp-json\/wp\/v2\/categories?post=2395"},{"taxonomy":"post_tag","embeddable":true,"href":"https:\/\/victoria.gob.ar\/es\/wp-json\/wp\/v2\/tags?post=2395"}],"curies":[{"name":"wp","href":"https:\/\/api.w.org\/{rel}","templated":true}]}}