{"id":2393,"date":"2025-07-10T17:33:33","date_gmt":"2025-07-10T17:33:33","guid":{"rendered":"http:\/\/victoria.gob.ar\/es\/viva-la-patria-9-de-julio-en-victoria-%f0%9f%87%a6%f0%9f%87%b7\/"},"modified":"2025-07-10T17:33:33","modified_gmt":"2025-07-10T17:33:33","slug":"viva-la-patria-9-de-julio-en-victoria-%f0%9f%87%a6%f0%9f%87%b7","status":"publish","type":"post","link":"https:\/\/victoria.gob.ar\/es\/viva-la-patria-9-de-julio-en-victoria-%f0%9f%87%a6%f0%9f%87%b7\/","title":{"rendered":"VIVA LA PATRIA | 9 DE JULIO EN VICTORIA &#x1f1e6;&#x1f1f7;"},"content":{"rendered":"<p>El cielo celeste y blanco nos acompa\u00f1\u00f3 en una jornada cargada de emoci\u00f3n, orgullo y compromiso.<\/p>\n<p>Hoy celebramos los 209 a\u00f1os de la Declaraci\u00f3n de la Independencia con un acto oficial que nos uni\u00f3 como comunidad en la zona del puerto, con la presencia de nuestras Fuerzas de Seguridad, instituciones educativas, agrupaciones tradicionalistas, Bomberos Voluntarios, enfermeras, artistas y vecinos que sienten en lo m\u00e1s profundo el amor por la Patria.<\/p>\n<p>La presidente municipal, Isa Castagnino, pronunci\u00f3 un sentido discurso en homenaje a quienes construyeron nuestra libertad y nos convoc\u00f3 a seguir haciendo patria cada d\u00eda, con trabajo, respeto y unidad.<\/p>\n<p><img decoding=\"async\" src=\"https:\/\/s.w.org\/images\/core\/emoji\/15.1.0\/72x72\/1f3b6.png\" alt=\"&#x1f3b6;\" class=\"wp-smiley\" \/> La Banda Municipal de M\u00fasica \u201cSebasti\u00e1n Ingrao\u201d acompa\u00f1\u00f3 con su talento, y los talleres culturales municipales ofrecieron un cierre art\u00edstico que emocion\u00f3 a todos: danza, locuci\u00f3n, m\u00fasica y tradici\u00f3n se unieron para honrar nuestra historia.<\/p>\n<p>Tambi\u00e9n, contamos con una invocaci\u00f3n religiosa ecum\u00e9nica a cargo del pastor Alejandro Navoni y del presb\u00edtero Maximiliano Vanerio.<\/p>\n<p>Gracias a todos los que hicieron posible este hermoso acto. Porque la independencia se defiende con identidad, con memoria y con comunidad.<\/p>\n<p><img decoding=\"async\" src=\"https:\/\/s.w.org\/images\/core\/emoji\/15.1.0\/72x72\/1f4f8.png\" alt=\"&#x1f4f8;\" class=\"wp-smiley\" \/> Mir\u00e1 todas las fotos a trav\u00e9s del siguiente enlace: https:\/\/photos.app.goo.gl\/RrPZgC8nqRhUgc8q8<\/p>\n<p>Victoria, #MiCiudadQuerida <img decoding=\"async\" src=\"https:\/\/s.w.org\/images\/core\/emoji\/15.1.0\/72x72\/1fa75.png\" alt=\"&#x1fa75;\" class=\"wp-smiley\" \/><\/p>\n<figure class=\"wp-block-gallery has-nested-images columns-default is-cropped wp-block-gallery-1 is-layout-flex wp-block-gallery-is-layout-flex\">\n<figure class=\"wp-block-image size-large\"><img loading=\"lazy\" decoding=\"async\" width=\"1024\" height=\"683\" data-id=\"1251\" src=\"https:\/\/victoria.gob.ar\/prensa\/wp-content\/uploads\/2025\/07\/WhatsApp-Image-2025-07-09-at-23.14.40-1-1024x683.jpeg\" alt=\"\" class=\"wp-image-1251\" \/><\/figure>\n<figure class=\"wp-block-image size-large\"><img loading=\"lazy\" decoding=\"async\" width=\"1024\" height=\"683\" data-id=\"1249\" src=\"https:\/\/victoria.gob.ar\/prensa\/wp-content\/uploads\/2025\/07\/WhatsApp-Image-2025-07-09-at-23.14.40-1024x683.jpeg\" alt=\"\" class=\"wp-image-1249\" \/><\/figure>\n<figure class=\"wp-block-image size-large\"><img loading=\"lazy\" decoding=\"async\" width=\"1024\" height=\"683\" data-id=\"1250\" src=\"https:\/\/victoria.gob.ar\/prensa\/wp-content\/uploads\/2025\/07\/WhatsApp-Image-2025-07-09-at-23.14.21-1-1024x683.jpeg\" alt=\"\" class=\"wp-image-1250\" \/><\/figure>\n<figure class=\"wp-block-image size-large\"><img decoding=\"async\" loading=\"lazy\" width=\"1024\" height=\"683\" data-id=\"1252\" src=\"https:\/\/victoria.gob.ar\/prensa\/wp-content\/uploads\/2025\/07\/WhatsApp-Image-2025-07-09-at-23.14.21-1024x683.jpeg\" alt=\"\" class=\"wp-image-1252\" \/><\/figure>\n<\/figure>","protected":false},"excerpt":{"rendered":"<p>El cielo celeste y blanco nos acompa\u00f1\u00f3 en una jornada cargada de emoci\u00f3n, orgullo y compromiso. Hoy celebramos los 209 a\u00f1os de la Declaraci\u00f3n de la Independencia con un acto oficial que nos uni\u00f3 como comunidad en la zona del puerto, con la presencia de nuestras Fuerzas de Seguridad, instituciones educativas, agrupaciones tradicionalistas, Bomberos Voluntarios,&hellip;&nbsp;<a href=\"https:\/\/victoria.gob.ar\/es\/viva-la-patria-9-de-julio-en-victoria-%f0%9f%87%a6%f0%9f%87%b7\/\" rel=\"bookmark\"><span class=\"screen-reader-text\">VIVA LA PATRIA | 9 DE JULIO EN VICTORIA &#x1f1e6;&#x1f1f7;<\/span><\/a><\/p>\n","protected":false},"author":2,"featured_media":2394,"comment_status":"open","ping_status":"open","sticky":false,"template":"","format":"standard","meta":{"neve_meta_sidebar":"","neve_meta_container":"","neve_meta_enable_content_width":"","neve_meta_content_width":0,"neve_meta_title_alignment":"","neve_meta_author_avatar":"","neve_post_elements_order":"","neve_meta_disable_header":"","neve_meta_disable_footer":"","neve_meta_disable_title":"","footnotes":""},"categories":[1],"tags":[],"class_list":["post-2393","post","type-post","status-publish","format-standard","has-post-thumbnail","hentry","category-sin-categoria"],"_links":{"self":[{"href":"https:\/\/victoria.gob.ar\/es\/wp-json\/wp\/v2\/posts\/2393","targetHints":{"allow":["GET"]}}],"collection":[{"href":"https:\/\/victoria.gob.ar\/es\/wp-json\/wp\/v2\/posts"}],"about":[{"href":"https:\/\/victoria.gob.ar\/es\/wp-json\/wp\/v2\/types\/post"}],"author":[{"embeddable":true,"href":"https:\/\/victoria.gob.ar\/es\/wp-json\/wp\/v2\/users\/2"}],"replies":[{"embeddable":true,"href":"https:\/\/victoria.gob.ar\/es\/wp-json\/wp\/v2\/comments?post=2393"}],"version-history":[{"count":0,"href":"https:\/\/victoria.gob.ar\/es\/wp-json\/wp\/v2\/posts\/2393\/revisions"}],"wp:featuredmedia":[{"embeddable":true,"href":"https:\/\/victoria.gob.ar\/es\/wp-json\/wp\/v2\/media\/2394"}],"wp:attachment":[{"href":"https:\/\/victoria.gob.ar\/es\/wp-json\/wp\/v2\/media?parent=2393"}],"wp:term":[{"taxonomy":"category","embeddable":true,"href":"https:\/\/victoria.gob.ar\/es\/wp-json\/wp\/v2\/categories?post=2393"},{"taxonomy":"post_tag","embeddable":true,"href":"https:\/\/victoria.gob.ar\/es\/wp-json\/wp\/v2\/tags?post=2393"}],"curies":[{"name":"wp","href":"https:\/\/api.w.org\/{rel}","templated":true}]}}