{"id":2372,"date":"2025-06-30T16:31:07","date_gmt":"2025-06-30T16:31:07","guid":{"rendered":"http:\/\/victoria.gob.ar\/es\/momentaneamente-el-tum-ofrecera-un-recorrido-unico-por-reparaciones-en-las-unidades\/"},"modified":"2025-06-30T16:31:07","modified_gmt":"2025-06-30T16:31:07","slug":"momentaneamente-el-tum-ofrecera-un-recorrido-unico-por-reparaciones-en-las-unidades","status":"publish","type":"post","link":"https:\/\/victoria.gob.ar\/es\/momentaneamente-el-tum-ofrecera-un-recorrido-unico-por-reparaciones-en-las-unidades\/","title":{"rendered":"MOMENT\u00c1NEAMENTE EL TUM OFRECER\u00c1 UN RECORRIDO \u00daNICO POR REPARACIONES EN LAS UNIDADES"},"content":{"rendered":"<p>La Municipalidad de Victoria informa que, debido a trabajos de reparaci\u00f3n en dos unidades del Transporte Urbano Municipal (TUM), el servicio funcionar\u00e1 provisoriamente con un solo recorrido.<\/p>\n<p>Se agradece la comprensi\u00f3n de los usuarios ante esta situaci\u00f3n temporal y se los invita a consultar los horarios y paradas en la imagen adjunta.<\/p>\n<p>Se est\u00e1 trabajando para garantizar el servicio a todos los vecinos.<\/p>\n<figure class=\"wp-block-image size-large\"><img loading=\"lazy\" decoding=\"async\" width=\"1024\" height=\"724\" src=\"https:\/\/victoria.gob.ar\/prensa\/wp-content\/uploads\/2025\/06\/tum-LU-1024x724.jpg\" alt=\"\" class=\"wp-image-1230\" \/><\/figure>","protected":false},"excerpt":{"rendered":"<p>La Municipalidad de Victoria informa que, debido a trabajos de reparaci\u00f3n en dos unidades del Transporte Urbano Municipal (TUM), el servicio funcionar\u00e1 provisoriamente con un solo recorrido. Se agradece la comprensi\u00f3n de los usuarios ante esta situaci\u00f3n temporal y se los invita a consultar los horarios y paradas en la imagen adjunta. Se est\u00e1 trabajando&hellip;&nbsp;<a href=\"https:\/\/victoria.gob.ar\/es\/momentaneamente-el-tum-ofrecera-un-recorrido-unico-por-reparaciones-en-las-unidades\/\" rel=\"bookmark\"><span class=\"screen-reader-text\">MOMENT\u00c1NEAMENTE EL TUM OFRECER\u00c1 UN RECORRIDO \u00daNICO POR REPARACIONES EN LAS UNIDADES<\/span><\/a><\/p>\n","protected":false},"author":2,"featured_media":2373,"comment_status":"open","ping_status":"open","sticky":false,"template":"","format":"standard","meta":{"neve_meta_sidebar":"","neve_meta_container":"","neve_meta_enable_content_width":"","neve_meta_content_width":0,"neve_meta_title_alignment":"","neve_meta_author_avatar":"","neve_post_elements_order":"","neve_meta_disable_header":"","neve_meta_disable_footer":"","neve_meta_disable_title":"","footnotes":""},"categories":[1],"tags":[],"class_list":["post-2372","post","type-post","status-publish","format-standard","has-post-thumbnail","hentry","category-sin-categoria"],"_links":{"self":[{"href":"https:\/\/victoria.gob.ar\/es\/wp-json\/wp\/v2\/posts\/2372","targetHints":{"allow":["GET"]}}],"collection":[{"href":"https:\/\/victoria.gob.ar\/es\/wp-json\/wp\/v2\/posts"}],"about":[{"href":"https:\/\/victoria.gob.ar\/es\/wp-json\/wp\/v2\/types\/post"}],"author":[{"embeddable":true,"href":"https:\/\/victoria.gob.ar\/es\/wp-json\/wp\/v2\/users\/2"}],"replies":[{"embeddable":true,"href":"https:\/\/victoria.gob.ar\/es\/wp-json\/wp\/v2\/comments?post=2372"}],"version-history":[{"count":0,"href":"https:\/\/victoria.gob.ar\/es\/wp-json\/wp\/v2\/posts\/2372\/revisions"}],"wp:featuredmedia":[{"embeddable":true,"href":"https:\/\/victoria.gob.ar\/es\/wp-json\/wp\/v2\/media\/2373"}],"wp:attachment":[{"href":"https:\/\/victoria.gob.ar\/es\/wp-json\/wp\/v2\/media?parent=2372"}],"wp:term":[{"taxonomy":"category","embeddable":true,"href":"https:\/\/victoria.gob.ar\/es\/wp-json\/wp\/v2\/categories?post=2372"},{"taxonomy":"post_tag","embeddable":true,"href":"https:\/\/victoria.gob.ar\/es\/wp-json\/wp\/v2\/tags?post=2372"}],"curies":[{"name":"wp","href":"https:\/\/api.w.org\/{rel}","templated":true}]}}