{"id":2363,"date":"2025-06-20T16:20:50","date_gmt":"2025-06-20T16:20:50","guid":{"rendered":"http:\/\/victoria.gob.ar\/es\/acto-oficial-por-el-dia-de-la-bandera-argentina-%f0%9f%87%a6%f0%9f%87%b7\/"},"modified":"2025-06-20T16:20:50","modified_gmt":"2025-06-20T16:20:50","slug":"acto-oficial-por-el-dia-de-la-bandera-argentina-%f0%9f%87%a6%f0%9f%87%b7","status":"publish","type":"post","link":"https:\/\/victoria.gob.ar\/es\/acto-oficial-por-el-dia-de-la-bandera-argentina-%f0%9f%87%a6%f0%9f%87%b7\/","title":{"rendered":"ACTO OFICIAL POR EL D\u00cdA DE LA BANDERA ARGENTINA &#x1f1e6;&#x1f1f7;"},"content":{"rendered":"<p><img decoding=\"async\" src=\"https:\/\/s.w.org\/images\/core\/emoji\/15.1.0\/72x72\/1f5d3.png\" alt=\"&#x1f5d3;\" class=\"wp-smiley\" \/> Viernes 20<br \/><img decoding=\"async\" src=\"https:\/\/s.w.org\/images\/core\/emoji\/15.1.0\/72x72\/231a.png\" alt=\"&#x231a;\" class=\"wp-smiley\" \/> 14:30 h<br \/><img decoding=\"async\" src=\"https:\/\/s.w.org\/images\/core\/emoji\/15.1.0\/72x72\/1f4cd.png\" alt=\"&#x1f4cd;\" class=\"wp-smiley\" \/> Plaza San Mart\u00edn<\/p>\n<p><img decoding=\"async\" src=\"https:\/\/s.w.org\/images\/core\/emoji\/15.1.0\/72x72\/2139.png\" alt=\"&#x2139;\" class=\"wp-smiley\" \/> Se compartir\u00e1 con el p\u00fablico presente chocolate a cargo de la Municipalidad de Victoria.<br \/>Tambi\u00e9n, habr\u00e1 espacios recreativos para los ni\u00f1os.<\/p>\n<p>El orden es el siguiente:<\/p>\n<p>Hora 14:15 \u2013 Concentraci\u00f3n de autoridades, Fuerzas de Seguridad, instituciones, delegaciones escolares con abanderados y escoltas. P\u00fablico en general.<\/p>\n<p>A partir de las 14:30:<\/p>\n<ul class=\"wp-block-list\">\n<li>lzamiento del Pabell\u00f3n Nacional. Entonaci\u00f3n de la Marcha Aurora ejecutada por la Banda Municipal de M\u00fasica \u00abSebasti\u00e1n lngrao\u201d.<\/li>\n<li>Entonaci\u00f3n del Himno Nacional Argentino, Marcha de Entre R\u00edos, y Canci\u00f3n Oficial a Victoria, ejecutada por la Banda Municipal de M\u00fasica \u00abSebasti\u00e1n lngrao\u00bb, dirigida por el Director Jorge Escobar.<\/li>\n<li>Invocaci\u00f3n Religiosa.<\/li>\n<li>Participaci\u00f3n de la Esc. Priv. N\u00ba 89 \u201cManuel Belgrano\u201d.<\/li>\n<li>Saludo a los ni\u00f1os que har\u00e1n su promesa de lealtad a la bandera por parte de la directora departamental de escuelas Prof. Silvia Garcilazo.<\/li>\n<li>Saludo a los ni\u00f1os que har\u00e1n su promesa de lealtad a la bandera por parte de la presidente municipal, Isa Castagnino Xavier.<\/li>\n<li>Promesa de lealtad a la bandera por estudiantes de 4to. grado del Dpto. Victoria a cargo del veterano de Malvinas Ram\u00f3n Brassesco.<\/li>\n<li>Entrega de recordatorios a los estudiantes de cuarto grado que realizaron la promesa a la bandera.<\/li>\n<li>Paso de las Fuerzas de Seguridad y establecimientos educativos frente al palco de autoridades y p\u00fablico presente.<\/li>\n<li>Paso de los estudiantes que prometieron su lealtad a la bandera.<\/li>\n<li>Desconcentraci\u00f3n.<\/li>\n<\/ul>\n<figure class=\"wp-block-image size-large\"><img decoding=\"async\" loading=\"lazy\" width=\"819\" height=\"1024\" src=\"https:\/\/victoria.gob.ar\/prensa\/wp-content\/uploads\/2025\/06\/WhatsApp-Image-2025-06-19-at-08.44.33-819x1024.jpeg\" alt=\"\" class=\"wp-image-1211\" \/><\/figure>","protected":false},"excerpt":{"rendered":"<p>Viernes 20 14:30 h Plaza San Mart\u00edn Se compartir\u00e1 con el p\u00fablico presente chocolate a cargo de la Municipalidad de Victoria.Tambi\u00e9n, habr\u00e1 espacios recreativos para los ni\u00f1os. El orden es el siguiente: Hora 14:15 \u2013 Concentraci\u00f3n de autoridades, Fuerzas de Seguridad, instituciones, delegaciones escolares con abanderados y escoltas. P\u00fablico en general. A partir de las&hellip;&nbsp;<a href=\"https:\/\/victoria.gob.ar\/es\/acto-oficial-por-el-dia-de-la-bandera-argentina-%f0%9f%87%a6%f0%9f%87%b7\/\" rel=\"bookmark\"><span class=\"screen-reader-text\">ACTO OFICIAL POR EL D\u00cdA DE LA BANDERA ARGENTINA &#x1f1e6;&#x1f1f7;<\/span><\/a><\/p>\n","protected":false},"author":2,"featured_media":2364,"comment_status":"open","ping_status":"open","sticky":false,"template":"","format":"standard","meta":{"neve_meta_sidebar":"","neve_meta_container":"","neve_meta_enable_content_width":"","neve_meta_content_width":0,"neve_meta_title_alignment":"","neve_meta_author_avatar":"","neve_post_elements_order":"","neve_meta_disable_header":"","neve_meta_disable_footer":"","neve_meta_disable_title":"","footnotes":""},"categories":[1],"tags":[],"class_list":["post-2363","post","type-post","status-publish","format-standard","has-post-thumbnail","hentry","category-sin-categoria"],"_links":{"self":[{"href":"https:\/\/victoria.gob.ar\/es\/wp-json\/wp\/v2\/posts\/2363","targetHints":{"allow":["GET"]}}],"collection":[{"href":"https:\/\/victoria.gob.ar\/es\/wp-json\/wp\/v2\/posts"}],"about":[{"href":"https:\/\/victoria.gob.ar\/es\/wp-json\/wp\/v2\/types\/post"}],"author":[{"embeddable":true,"href":"https:\/\/victoria.gob.ar\/es\/wp-json\/wp\/v2\/users\/2"}],"replies":[{"embeddable":true,"href":"https:\/\/victoria.gob.ar\/es\/wp-json\/wp\/v2\/comments?post=2363"}],"version-history":[{"count":0,"href":"https:\/\/victoria.gob.ar\/es\/wp-json\/wp\/v2\/posts\/2363\/revisions"}],"wp:featuredmedia":[{"embeddable":true,"href":"https:\/\/victoria.gob.ar\/es\/wp-json\/wp\/v2\/media\/2364"}],"wp:attachment":[{"href":"https:\/\/victoria.gob.ar\/es\/wp-json\/wp\/v2\/media?parent=2363"}],"wp:term":[{"taxonomy":"category","embeddable":true,"href":"https:\/\/victoria.gob.ar\/es\/wp-json\/wp\/v2\/categories?post=2363"},{"taxonomy":"post_tag","embeddable":true,"href":"https:\/\/victoria.gob.ar\/es\/wp-json\/wp\/v2\/tags?post=2363"}],"curies":[{"name":"wp","href":"https:\/\/api.w.org\/{rel}","templated":true}]}}