{"id":2361,"date":"2025-06-20T16:22:20","date_gmt":"2025-06-20T16:22:20","guid":{"rendered":"http:\/\/victoria.gob.ar\/es\/servicios-municipales-durante-el-viernes-20-de-junio\/"},"modified":"2025-06-20T16:22:20","modified_gmt":"2025-06-20T16:22:20","slug":"servicios-municipales-durante-el-viernes-20-de-junio","status":"publish","type":"post","link":"https:\/\/victoria.gob.ar\/es\/servicios-municipales-durante-el-viernes-20-de-junio\/","title":{"rendered":"SERVICIOS MUNICIPALES DURANTE EL VIERNES 20 DE JUNIO"},"content":{"rendered":"<p>Estos son los servicios municipales que se brindar\u00e1n durante el feriado del viernes 20 de junio.<\/p>\n<p><img decoding=\"async\" src=\"https:\/\/s.w.org\/images\/core\/emoji\/15.1.0\/72x72\/2705.png\" alt=\"&#x2705;\" class=\"wp-smiley\" \/> La Guardia de Seguridad y Control Urbano prestar\u00e1 servicios. Adem\u00e1s, ante el suceso de un evento que amerite, se podr\u00e1n activar las cuadrillas de emergencia.<\/p>\n<p><img decoding=\"async\" src=\"https:\/\/s.w.org\/images\/core\/emoji\/15.1.0\/72x72\/2705.png\" alt=\"&#x2705;\" class=\"wp-smiley\" \/> La secci\u00f3n Seguridad Vial trabajar\u00e1 con normalidad desde su Cuerpo de Control de Tr\u00e1nsito.<\/p>\n<p><img decoding=\"async\" src=\"https:\/\/s.w.org\/images\/core\/emoji\/15.1.0\/72x72\/274c.png\" alt=\"&#x274c;\" class=\"wp-smiley\" \/> No funcionar\u00e1 el Sistema de Estacionamiento Medido.<\/p>\n<p><img decoding=\"async\" src=\"https:\/\/s.w.org\/images\/core\/emoji\/15.1.0\/72x72\/2705.png\" alt=\"&#x2705;\" class=\"wp-smiley\" \/> La l\u00ednea del Centro de Atenci\u00f3n al Vecino, 147, funcionar\u00e1 con normalidad.<\/p>\n<p><img decoding=\"async\" src=\"https:\/\/s.w.org\/images\/core\/emoji\/15.1.0\/72x72\/1f534.png\" alt=\"&#x1f534;\" class=\"wp-smiley\" \/> El Transporte Urbano Municipal funcionar\u00e1 como los s\u00e1bados: dos l\u00edneas de 07:00 a 13:00 h y una sola l\u00ednea en el horario de la tarde de 16:00 a 20:00 h.<\/p>\n<p><img decoding=\"async\" src=\"https:\/\/s.w.org\/images\/core\/emoji\/15.1.0\/72x72\/274c.png\" alt=\"&#x274c;\" class=\"wp-smiley\" \/> No habr\u00e1 servicio de recolecci\u00f3n de residuos.<\/p>\n<p><img decoding=\"async\" src=\"https:\/\/s.w.org\/images\/core\/emoji\/15.1.0\/72x72\/274c.png\" alt=\"&#x274c;\" class=\"wp-smiley\" \/> No habr\u00e1 atenci\u00f3n al p\u00fablico por Mesa de Entrada.<\/p>\n<figure class=\"wp-block-image size-large\"><img decoding=\"async\" loading=\"lazy\" width=\"1024\" height=\"1024\" src=\"https:\/\/victoria.gob.ar\/prensa\/wp-content\/uploads\/2025\/04\/WhatsApp-Image-2025-04-01-at-09.41.51-1024x1024.jpeg\" alt=\"\" class=\"wp-image-800\" \/><\/figure>","protected":false},"excerpt":{"rendered":"<p>Estos son los servicios municipales que se brindar\u00e1n durante el feriado del viernes 20 de junio. La Guardia de Seguridad y Control Urbano prestar\u00e1 servicios. Adem\u00e1s, ante el suceso de un evento que amerite, se podr\u00e1n activar las cuadrillas de emergencia. La secci\u00f3n Seguridad Vial trabajar\u00e1 con normalidad desde su Cuerpo de Control de Tr\u00e1nsito.&hellip;&nbsp;<a href=\"https:\/\/victoria.gob.ar\/es\/servicios-municipales-durante-el-viernes-20-de-junio\/\" rel=\"bookmark\"><span class=\"screen-reader-text\">SERVICIOS MUNICIPALES DURANTE EL VIERNES 20 DE JUNIO<\/span><\/a><\/p>\n","protected":false},"author":2,"featured_media":2362,"comment_status":"open","ping_status":"open","sticky":false,"template":"","format":"standard","meta":{"neve_meta_sidebar":"","neve_meta_container":"","neve_meta_enable_content_width":"","neve_meta_content_width":0,"neve_meta_title_alignment":"","neve_meta_author_avatar":"","neve_post_elements_order":"","neve_meta_disable_header":"","neve_meta_disable_footer":"","neve_meta_disable_title":"","footnotes":""},"categories":[1],"tags":[],"class_list":["post-2361","post","type-post","status-publish","format-standard","has-post-thumbnail","hentry","category-sin-categoria"],"_links":{"self":[{"href":"https:\/\/victoria.gob.ar\/es\/wp-json\/wp\/v2\/posts\/2361","targetHints":{"allow":["GET"]}}],"collection":[{"href":"https:\/\/victoria.gob.ar\/es\/wp-json\/wp\/v2\/posts"}],"about":[{"href":"https:\/\/victoria.gob.ar\/es\/wp-json\/wp\/v2\/types\/post"}],"author":[{"embeddable":true,"href":"https:\/\/victoria.gob.ar\/es\/wp-json\/wp\/v2\/users\/2"}],"replies":[{"embeddable":true,"href":"https:\/\/victoria.gob.ar\/es\/wp-json\/wp\/v2\/comments?post=2361"}],"version-history":[{"count":0,"href":"https:\/\/victoria.gob.ar\/es\/wp-json\/wp\/v2\/posts\/2361\/revisions"}],"wp:featuredmedia":[{"embeddable":true,"href":"https:\/\/victoria.gob.ar\/es\/wp-json\/wp\/v2\/media\/2362"}],"wp:attachment":[{"href":"https:\/\/victoria.gob.ar\/es\/wp-json\/wp\/v2\/media?parent=2361"}],"wp:term":[{"taxonomy":"category","embeddable":true,"href":"https:\/\/victoria.gob.ar\/es\/wp-json\/wp\/v2\/categories?post=2361"},{"taxonomy":"post_tag","embeddable":true,"href":"https:\/\/victoria.gob.ar\/es\/wp-json\/wp\/v2\/tags?post=2361"}],"curies":[{"name":"wp","href":"https:\/\/api.w.org\/{rel}","templated":true}]}}