{"id":2360,"date":"2025-06-20T16:23:56","date_gmt":"2025-06-20T16:23:56","guid":{"rendered":"http:\/\/victoria.gob.ar\/es\/presupuesto-participativo\/"},"modified":"2025-06-20T16:23:56","modified_gmt":"2025-06-20T16:23:56","slug":"presupuesto-participativo","status":"publish","type":"post","link":"https:\/\/victoria.gob.ar\/es\/presupuesto-participativo\/","title":{"rendered":"Presupuesto Participativo"},"content":{"rendered":"<p>La Municipalidad de Victoria est\u00e1 llevando adelante el proyecto \u201cConstrucci\u00f3n de cord\u00f3n cuneta\u201d (calle Matheu, entre Prof. S\u00e1nchez y Bv. Moreno; Sto. G\u00f3mez, entre Viamonte y Cnel. Su\u00e1rez; Cnel. Su\u00e1rez, entre Sto. G\u00f3mez y Prof. S\u00e1nchez), ganador del Presupuesto Participativo en el Segundo Cuartel.<\/p>\n<blockquote class=\"instagram-media\" data-instgrm-permalink=\"https:\/\/www.instagram.com\/reel\/DLGcBAOxaU5\/?utm_source=ig_embed&amp;utm_campaign=loading\" data-instgrm-version=\"14\">\n<div> <a href=\"https:\/\/www.instagram.com\/reel\/DLGcBAOxaU5\/?utm_source=ig_embed&amp;utm_campaign=loading\" target=\"_blank\"> \n<div>\n<div><\/div>\n<div>\n<div><\/div>\n<div><\/div>\n<\/div>\n<\/div>\n<div><\/div>\n<div><\/div>\n<div>\n<div>Ver esta publicaci\u00f3n en Instagram<\/div>\n<\/div>\n<div><\/div>\n<div>\n<div>\n<div><\/div>\n<div><\/div>\n<div><\/div>\n<\/div>\n<div>\n<div><\/div>\n<div><\/div>\n<\/div>\n<div>\n<div><\/div>\n<div><\/div>\n<div><\/div>\n<\/div>\n<\/div>\n<div>\n<div><\/div>\n<div><\/div>\n<\/div>\n<p><\/p><\/a>\n<p><a href=\"https:\/\/www.instagram.com\/reel\/DLGcBAOxaU5\/?utm_source=ig_embed&amp;utm_campaign=loading\" target=\"_blank\">Una publicaci\u00f3n compartida de Municipalidad de Victoria (@victoria.gob.ar)<\/a><\/p>\n<\/div>\n<\/blockquote>","protected":false},"excerpt":{"rendered":"<p>La Municipalidad de Victoria est\u00e1 llevando adelante el proyecto \u201cConstrucci\u00f3n de cord\u00f3n cuneta\u201d (calle Matheu, entre Prof. S\u00e1nchez y Bv. Moreno; Sto. G\u00f3mez, entre Viamonte y Cnel. Su\u00e1rez; Cnel. Su\u00e1rez, entre Sto. G\u00f3mez y Prof. S\u00e1nchez), ganador del Presupuesto Participativo en el Segundo Cuartel. Ver esta publicaci\u00f3n en Instagram Una publicaci\u00f3n compartida de Municipalidad de&hellip;&nbsp;<a href=\"https:\/\/victoria.gob.ar\/es\/presupuesto-participativo\/\" rel=\"bookmark\"><span class=\"screen-reader-text\">Presupuesto Participativo<\/span><\/a><\/p>\n","protected":false},"author":2,"featured_media":1778,"comment_status":"open","ping_status":"open","sticky":false,"template":"","format":"standard","meta":{"neve_meta_sidebar":"","neve_meta_container":"","neve_meta_enable_content_width":"","neve_meta_content_width":0,"neve_meta_title_alignment":"","neve_meta_author_avatar":"","neve_post_elements_order":"","neve_meta_disable_header":"","neve_meta_disable_footer":"","neve_meta_disable_title":"","footnotes":""},"categories":[1],"tags":[],"class_list":["post-2360","post","type-post","status-publish","format-standard","has-post-thumbnail","hentry","category-sin-categoria"],"_links":{"self":[{"href":"https:\/\/victoria.gob.ar\/es\/wp-json\/wp\/v2\/posts\/2360","targetHints":{"allow":["GET"]}}],"collection":[{"href":"https:\/\/victoria.gob.ar\/es\/wp-json\/wp\/v2\/posts"}],"about":[{"href":"https:\/\/victoria.gob.ar\/es\/wp-json\/wp\/v2\/types\/post"}],"author":[{"embeddable":true,"href":"https:\/\/victoria.gob.ar\/es\/wp-json\/wp\/v2\/users\/2"}],"replies":[{"embeddable":true,"href":"https:\/\/victoria.gob.ar\/es\/wp-json\/wp\/v2\/comments?post=2360"}],"version-history":[{"count":0,"href":"https:\/\/victoria.gob.ar\/es\/wp-json\/wp\/v2\/posts\/2360\/revisions"}],"wp:featuredmedia":[{"embeddable":true,"href":"https:\/\/victoria.gob.ar\/es\/wp-json\/wp\/v2\/media\/1778"}],"wp:attachment":[{"href":"https:\/\/victoria.gob.ar\/es\/wp-json\/wp\/v2\/media?parent=2360"}],"wp:term":[{"taxonomy":"category","embeddable":true,"href":"https:\/\/victoria.gob.ar\/es\/wp-json\/wp\/v2\/categories?post=2360"},{"taxonomy":"post_tag","embeddable":true,"href":"https:\/\/victoria.gob.ar\/es\/wp-json\/wp\/v2\/tags?post=2360"}],"curies":[{"name":"wp","href":"https:\/\/api.w.org\/{rel}","templated":true}]}}