{"id":2332,"date":"2025-05-29T12:19:05","date_gmt":"2025-05-29T12:19:05","guid":{"rendered":"http:\/\/victoria.gob.ar\/es\/dia-mundial-del-ambiente-en-victoria\/"},"modified":"2025-05-29T12:19:05","modified_gmt":"2025-05-29T12:19:05","slug":"dia-mundial-del-ambiente-en-victoria","status":"publish","type":"post","link":"https:\/\/victoria.gob.ar\/es\/dia-mundial-del-ambiente-en-victoria\/","title":{"rendered":"D\u00cdA MUNDIAL DEL AMBIENTE EN VICTORIA"},"content":{"rendered":"<p>Jueves 5 de junio.<\/p>\n<p>De 09:00 a 13:00 h.<\/p>\n<p>En la Plaza San Mart\u00edn<\/p>\n<p>\u00a1Vamos a celebrar juntos el D\u00eda Mundial del Ambiente con una gran Feria Ambiental!<\/p>\n<p>Vas a encontrar:<br \/>Stands ambientales.<br \/>Participaci\u00f3n de instituciones educativas de nuestra comunidad.<br \/>Productores y emprendedores locales.<br \/>M\u00fasica en vivo.<br \/>\u00a1Eco Canje!<\/p>\n<p>Y, sobre todo, \u00a1mucha buena onda!<\/p>\n<p>Sumate con tu familia, tra\u00e9 tus residuos limpios y secos para canjear, y celebremos entre todos el compromiso con el ambiente.<\/p>\n<figure class=\"wp-block-image size-large\"><img decoding=\"async\" loading=\"lazy\" width=\"819\" height=\"1024\" src=\"https:\/\/victoria.gob.ar\/prensa\/wp-content\/uploads\/2025\/05\/WhatsApp-Image-2025-05-29-at-08.24.04-819x1024.jpeg\" alt=\"\" class=\"wp-image-1178\" \/><\/figure>","protected":false},"excerpt":{"rendered":"<p>Jueves 5 de junio. De 09:00 a 13:00 h. En la Plaza San Mart\u00edn \u00a1Vamos a celebrar juntos el D\u00eda Mundial del Ambiente con una gran Feria Ambiental! Vas a encontrar:Stands ambientales.Participaci\u00f3n de instituciones educativas de nuestra comunidad.Productores y emprendedores locales.M\u00fasica en vivo.\u00a1Eco Canje! Y, sobre todo, \u00a1mucha buena onda! Sumate con tu familia, tra\u00e9&hellip;&nbsp;<a href=\"https:\/\/victoria.gob.ar\/es\/dia-mundial-del-ambiente-en-victoria\/\" rel=\"bookmark\"><span class=\"screen-reader-text\">D\u00cdA MUNDIAL DEL AMBIENTE EN VICTORIA<\/span><\/a><\/p>\n","protected":false},"author":2,"featured_media":2333,"comment_status":"open","ping_status":"open","sticky":false,"template":"","format":"standard","meta":{"neve_meta_sidebar":"","neve_meta_container":"","neve_meta_enable_content_width":"","neve_meta_content_width":0,"neve_meta_title_alignment":"","neve_meta_author_avatar":"","neve_post_elements_order":"","neve_meta_disable_header":"","neve_meta_disable_footer":"","neve_meta_disable_title":"","footnotes":""},"categories":[1],"tags":[],"class_list":["post-2332","post","type-post","status-publish","format-standard","has-post-thumbnail","hentry","category-sin-categoria"],"_links":{"self":[{"href":"https:\/\/victoria.gob.ar\/es\/wp-json\/wp\/v2\/posts\/2332","targetHints":{"allow":["GET"]}}],"collection":[{"href":"https:\/\/victoria.gob.ar\/es\/wp-json\/wp\/v2\/posts"}],"about":[{"href":"https:\/\/victoria.gob.ar\/es\/wp-json\/wp\/v2\/types\/post"}],"author":[{"embeddable":true,"href":"https:\/\/victoria.gob.ar\/es\/wp-json\/wp\/v2\/users\/2"}],"replies":[{"embeddable":true,"href":"https:\/\/victoria.gob.ar\/es\/wp-json\/wp\/v2\/comments?post=2332"}],"version-history":[{"count":0,"href":"https:\/\/victoria.gob.ar\/es\/wp-json\/wp\/v2\/posts\/2332\/revisions"}],"wp:featuredmedia":[{"embeddable":true,"href":"https:\/\/victoria.gob.ar\/es\/wp-json\/wp\/v2\/media\/2333"}],"wp:attachment":[{"href":"https:\/\/victoria.gob.ar\/es\/wp-json\/wp\/v2\/media?parent=2332"}],"wp:term":[{"taxonomy":"category","embeddable":true,"href":"https:\/\/victoria.gob.ar\/es\/wp-json\/wp\/v2\/categories?post=2332"},{"taxonomy":"post_tag","embeddable":true,"href":"https:\/\/victoria.gob.ar\/es\/wp-json\/wp\/v2\/tags?post=2332"}],"curies":[{"name":"wp","href":"https:\/\/api.w.org\/{rel}","templated":true}]}}